{"id":4804,"date":"2017-09-05T21:14:39","date_gmt":"2017-09-05T21:14:39","guid":{"rendered":"http:\/\/www.andacolloconectado.cl\/?p=4804"},"modified":"2017-09-05T21:14:39","modified_gmt":"2017-09-05T21:14:39","slug":"centros-de-madres-andacollinos-realizan-exposicion-de-sus-trabajos","status":"publish","type":"post","link":"https:\/\/www.andacolloconectado.cl\/index.php\/centros-de-madres-andacollinos-realizan-exposicion-de-sus-trabajos\/","title":{"rendered":"Centros de Madres andacollinos realizan exposici\u00f3n de sus trabajos"},"content":{"rendered":"<p>Hoy mi\u00e9rcoles en la Plaza Nolasco Videla se efect\u00fao la exposici\u00f3n de manualidades elaboradas por las socias de los 13 grupos que componen la Uni\u00f3n Comunal de Centros de Madres.<\/p>\n<p>Este es el tercer a\u00f1o consecutivo que se realiza esta importante muestra apoyadas por Compa\u00f1\u00eda Teck CDA. Se pudieron apreciar los trabajos manuales confeccionados por cada uno de los Centros de Madres con distintos materiales como yeso, vidrio, madera, lana, g\u00e9neros, etc.<\/p>\n<p>La actividad cont\u00f3 con la presencia de autoridades municipales encabezadas por el Alcalde, Juan Carlos Alfaro, y por el Gerente de Gesti\u00f3n Comunitaria de Teck, Paulo Barraza.<\/p>\n<p>La m\u00e1xima autoridad comunal destac\u00f3 que lo m\u00e1s importante son las instancias que surgen entre las andacollinas cada vez que se re\u00fanen para trabajar en sus productos, pues \u201cel hecho de participar y aprender manualidades al interior de los centros permite que las mujeres puedan tener compa\u00f1\u00eda, solidarizar, conversar aprender cosas, etc. Lo que hace que ellas tengan una mejor calidad de vida y eso va a ser siempre importante para nosotros\u201d.<\/p>\n<p>La presidenta de la Uni\u00f3n Comunal de Centros de Madres, Nolvia Tirado explica que llevan nueve a\u00f1os funcionando como agrupaci\u00f3n y durante los \u00faltimos tres a\u00f1os se ha hecho esta exposici\u00f3n que es la primera del 2017. En diciembre, durante la segunda muestra, se exhibir\u00e1n las manualidades realizadas con los aportes de la subvenci\u00f3n municipal que recibe cada grupo para la compra materiales.<\/p>\n<p>Una de las integrantes del \u201cCentro de Madres Nelly Castro Cena\u201d, Pamela Molina que expusieron figuras de yeso trabajadas con distintas t\u00e9cnicas explica que \u201cnosotros trabajamos toda las semana y aprendimos el a\u00f1o pasado a trabajar las t\u00e9cnicas de yeso en hueso, yeso en oro y plata e imitaci\u00f3n m\u00e1rmol.<\/p>\n<p>Eso es lo que trabajamos el primer semestre para esta exposici\u00f3n y en lo que estamos ahora es lo que nos ganamos con la subvenci\u00f3n del municipio y eso va para la exposici\u00f3n del primer domingo de diciembre\u201d.<\/p>\n","protected":false},"excerpt":{"rendered":"<p>Hoy mi\u00e9rcoles en la Plaza Nolasco Videla se efect\u00fao la exposici\u00f3n de manualidades elaboradas por las socias de los 13 grupos que componen la Uni\u00f3n Comunal de Centros de Madres. Este es el tercer a\u00f1o consecutivo que se realiza esta importante muestra apoyadas por Compa\u00f1\u00eda Teck CDA. Se pudieron apreciar los trabajos manuales confeccionados por [&hellip;]<\/p>\n","protected":false},"author":5,"featured_media":0,"comment_status":"open","ping_status":"open","sticky":false,"template":"","format":"standard","meta":{"_acf_changed":false,"footnotes":""},"categories":[4569],"tags":[1174,926],"acf":[],"aioseo_notices":[],"_links":{"self":[{"href":"https:\/\/www.andacolloconectado.cl\/index.php\/wp-json\/wp\/v2\/posts\/4804"}],"collection":[{"href":"https:\/\/www.andacolloconectado.cl\/index.php\/wp-json\/wp\/v2\/posts"}],"about":[{"href":"https:\/\/www.andacolloconectado.cl\/index.php\/wp-json\/wp\/v2\/types\/post"}],"author":[{"embeddable":true,"href":"https:\/\/www.andacolloconectado.cl\/index.php\/wp-json\/wp\/v2\/users\/5"}],"replies":[{"embeddable":true,"href":"https:\/\/www.andacolloconectado.cl\/index.php\/wp-json\/wp\/v2\/comments?post=4804"}],"version-history":[{"count":2,"href":"https:\/\/www.andacolloconectado.cl\/index.php\/wp-json\/wp\/v2\/posts\/4804\/revisions"}],"predecessor-version":[{"id":4808,"href":"https:\/\/www.andacolloconectado.cl\/index.php\/wp-json\/wp\/v2\/posts\/4804\/revisions\/4808"}],"wp:attachment":[{"href":"https:\/\/www.andacolloconectado.cl\/index.php\/wp-json\/wp\/v2\/media?parent=4804"}],"wp:term":[{"taxonomy":"category","embeddable":true,"href":"https:\/\/www.andacolloconectado.cl\/index.php\/wp-json\/wp\/v2\/categories?post=4804"},{"taxonomy":"post_tag","embeddable":true,"href":"https:\/\/www.andacolloconectado.cl\/index.php\/wp-json\/wp\/v2\/tags?post=4804"}],"curies":[{"name":"wp","href":"https:\/\/api.w.org\/{rel}","templated":true}]}}