{"id":4813,"date":"2017-09-06T15:27:54","date_gmt":"2017-09-06T15:27:54","guid":{"rendered":"http:\/\/www.andacolloconectado.cl\/?p=4813"},"modified":"2017-09-06T15:27:54","modified_gmt":"2017-09-06T15:27:54","slug":"alumnos-del-colegio-parroquial-disfrutaron-con-presentacion-de-la-compania-tryo-teatro-banda","status":"publish","type":"post","link":"https:\/\/www.andacolloconectado.cl\/index.php\/alumnos-del-colegio-parroquial-disfrutaron-con-presentacion-de-la-compania-tryo-teatro-banda\/","title":{"rendered":"Alumnos del Colegio Parroquial disfrutaron con presentaci\u00f3n de la Compa\u00f1\u00eda \u201cTryo Teatro Banda\u201d"},"content":{"rendered":"<p>En el gimnasio parroquial se present\u00f3 la obra de teatro \u201cPedro de Valdivia, la Gesta Inconclusa\u201d a cargo de la reconocida compa\u00f1\u00eda \u201cTryo Teatro Banda\u201d. Fueron cerca de 500 alumnos de 6\u00b0 b\u00e1sico a 4\u00b0 medio que asistieron a presenciar a estos destacados artistas nacionales.<\/p>\n<p>La actividad se enmarca dentro de los objetivos transversales que tiene el Colegio Parroquial de Andacollo (CPA), acercando a sus estudiantes a la historia de Chilea trav\u00e9s de las diferentes instancias que existen fuera de las aulas. Adem\u00e1s, de la experiencia que en s\u00ed ganan los alumnos al asistir a presenciar una obra teatral por todo el contexto e interacci\u00f3n que se genera entre actores y p\u00fablico.<\/p>\n<p>Leticia Rojas, docente del establecimiento y coordinadora del Centro de Recursos para el Aprendizaje (CRA) se\u00f1ala que el \u201cColegio fomenta la cultura y da realce a la historia. De manera m\u00e1s transversal y valorica, del hecho de identificarnos y crecer a trav\u00e9s de nuestra propia historia para reconocer lo fuimos, lo que somos y lo que seremos\u201d.<\/p>\n<p>Tambi\u00e9n coment\u00f3 que esta es la segunda vez que \u201cTryo Teatro Banda\u201d act\u00faa para la comunidad educativa del CPA, pues el a\u00f1o pasado presentaron la obra \u201cLa Tirana\u201d para los alumnos de 1\u00b0 a 5 \u00b0 b\u00e1sico.<\/p>\n<p>La pieza teatral cuenta con la participaci\u00f3n de tres actores m\u00fasicos, quienes al estilo de los juglares van narrando las dificultades que afronta Pedro de Valdivia al llegar a nuestro pa\u00eds en 1.541 hasta su muerte en 1.553, tomando como hilo conductor las cartas que el conquistador espa\u00f1ol enviaba regularmente al rey de Espa\u00f1a Carlos V.<\/p>\n<p>El director de la obra, Francisco S\u00e1nchez, nos comenta que \u201cPedro de Valdivia, la Gesta Inconclusa\u201d es una pieza musical que realizan \u201chace 10 a\u00f1os para presentarla a los estudiantes, quienes estuvieron s\u00faper atentos y participativos.<\/p>\n<p>Cuenta la vida de Pedro de Valdivia, desde que llega a Chile hasta que lo matan, muestra como fue conquistando, buscando el oro, cosas que el vivi\u00f3 y que es importante que los chilenos las conozcamos\u201d.<\/p>\n<p>Finalmente, hay que mencionar que dicha obra fue galardonada con el premio del C\u00edrculo de Cr\u00edticos de Chile, de la Asociaci\u00f3n de Periodistas del Espect\u00e1culo, y con el premio de dramaturgia de la Facultad de Artes de la Universidad Cat\u00f3lica, en 2009, \u201cPedro de Valdivia, La Gesta Inconclusa\u201d es una de las piezas m\u00e1s reconocidas de la compa\u00f1\u00eda Tryo Teatro Banda.<\/p>\n","protected":false},"excerpt":{"rendered":"<p>En el gimnasio parroquial se present\u00f3 la obra de teatro \u201cPedro de Valdivia, la Gesta Inconclusa\u201d a cargo de la reconocida compa\u00f1\u00eda \u201cTryo Teatro Banda\u201d. Fueron cerca de 500 alumnos de 6\u00b0 b\u00e1sico a 4\u00b0 medio que asistieron a presenciar a estos destacados artistas nacionales. La actividad se enmarca dentro de los objetivos transversales que [&hellip;]<\/p>\n","protected":false},"author":5,"featured_media":0,"comment_status":"open","ping_status":"open","sticky":false,"template":"","format":"standard","meta":{"_acf_changed":false,"footnotes":""},"categories":[4569],"tags":[767],"acf":[],"aioseo_notices":[],"_links":{"self":[{"href":"https:\/\/www.andacolloconectado.cl\/index.php\/wp-json\/wp\/v2\/posts\/4813"}],"collection":[{"href":"https:\/\/www.andacolloconectado.cl\/index.php\/wp-json\/wp\/v2\/posts"}],"about":[{"href":"https:\/\/www.andacolloconectado.cl\/index.php\/wp-json\/wp\/v2\/types\/post"}],"author":[{"embeddable":true,"href":"https:\/\/www.andacolloconectado.cl\/index.php\/wp-json\/wp\/v2\/users\/5"}],"replies":[{"embeddable":true,"href":"https:\/\/www.andacolloconectado.cl\/index.php\/wp-json\/wp\/v2\/comments?post=4813"}],"version-history":[{"count":1,"href":"https:\/\/www.andacolloconectado.cl\/index.php\/wp-json\/wp\/v2\/posts\/4813\/revisions"}],"predecessor-version":[{"id":4815,"href":"https:\/\/www.andacolloconectado.cl\/index.php\/wp-json\/wp\/v2\/posts\/4813\/revisions\/4815"}],"wp:attachment":[{"href":"https:\/\/www.andacolloconectado.cl\/index.php\/wp-json\/wp\/v2\/media?parent=4813"}],"wp:term":[{"taxonomy":"category","embeddable":true,"href":"https:\/\/www.andacolloconectado.cl\/index.php\/wp-json\/wp\/v2\/categories?post=4813"},{"taxonomy":"post_tag","embeddable":true,"href":"https:\/\/www.andacolloconectado.cl\/index.php\/wp-json\/wp\/v2\/tags?post=4813"}],"curies":[{"name":"wp","href":"https:\/\/api.w.org\/{rel}","templated":true}]}}