{"id":4817,"date":"2017-09-07T20:51:44","date_gmt":"2017-09-07T20:51:44","guid":{"rendered":"http:\/\/www.andacolloconectado.cl\/?p=4817"},"modified":"2017-09-07T20:51:44","modified_gmt":"2017-09-07T20:51:44","slug":"andacollinos-reciben-certificacion-en-gestion-empresarial-y-emprendimiento","status":"publish","type":"post","link":"https:\/\/www.andacolloconectado.cl\/index.php\/andacollinos-reciben-certificacion-en-gestion-empresarial-y-emprendimiento\/","title":{"rendered":"Andacollinos reciben certificaci\u00f3n en Gesti\u00f3n empresarial y emprendimiento"},"content":{"rendered":"<p>En el sal\u00f3n Padre Alberto Hurtado del Municipio, se realiz\u00f3 ayer mi\u00e9rcoles la entrega de certificados a los veinte andacollinos que participaron en el curso de Gesti\u00f3n empresarial y Emprendimiento Personal dictado por el Servicio Nacional de Capacitaci\u00f3n y Empleo <a href=\"http:\/\/www.sence.cl\" target=\"_blank\">(Sence)<\/a> con el apoyo de Compa\u00f1\u00eda Teck CDA.<\/p>\n<p>En esta ocasi\u00f3n se benefici\u00f3 a diecinueve mujeres y un hombre para que desarrollen alguna iniciativa ya sea productiva propia o para obtener un trabajo remunerado con los conocimientos y herramientas que se les ense\u00f1\u00f3.<\/p>\n<p>El director Regional del Sence, Francisco Cort\u00e9s presente en la ceremonia se\u00f1al\u00f3 que son muy importantes las alianzas que se generan entre el sector p\u00fablico y los privados ya que \u201cse potencian porque la capacitaciones transforman a las personas que son las que cambian al pa\u00eds, con la capacitaci\u00f3n tienen una posibilidad de crear negocios y visualizar distinto el mundo cuando uno quiere lograr cambios, uno es quien tiene que comenzar a cambiar\u201d.<\/p>\n<p>El profesor a cargo Arturo Rodr\u00edguez explic\u00f3 que la capacitaci\u00f3n estaba dirigida a que los participantes realizar\u00e1n\u00a0una idea de emprendimiento, por lo tanto hubo todo un conocimiento del contexto para identificar las potencialidades de sus proyectos, las necesidades que hab\u00edan en el mercado, la elaboraci\u00f3n de un sistema de evaluaci\u00f3n de costos y fijaci\u00f3n de precios. Adem\u00e1s, contaron con asistencia t\u00e9cnica en terreno para su implementaci\u00f3n.<\/p>\n<p>Este curso const\u00f3 de cuatro m\u00f3dulos de veinticinco horas cada uno, los temas tratados fueron 1\u00b0 Planificaci\u00f3n, 2\u00b0 Marketing y Ventas, 3\u00b0 Obligaciones fiscales, laborales y mercantiles, y 4\u00b0Gesti\u00f3n Econ\u00f3mica y Financiera. Adem\u00e1s, al finalizar el taller los participantes recibieron un subsidio de $220.000 como aporte para comprar herramientas, insumos y materias primas para poner en marcha su proyecto.<\/p>\n<p>Una de las beneficiarias fue Yesica Vicencio quien dijo que el curso \u201cfue engrandecedor, porque tenemos muchas ideas, tenemos las capacidades podemos hacer mil cosas, pero nos falta alguien que nos oriente y nos gu\u00ede como organizarnos para llevar a cabo lo que tenemos en mente. Eso es lo que yo lo recib\u00ed en esta capacitaci\u00f3n\u201d<\/p>\n","protected":false},"excerpt":{"rendered":"<p>En el sal\u00f3n Padre Alberto Hurtado del Municipio, se realiz\u00f3 ayer mi\u00e9rcoles la entrega de certificados a los veinte andacollinos que participaron en el curso de Gesti\u00f3n empresarial y Emprendimiento Personal dictado por el Servicio Nacional de Capacitaci\u00f3n y Empleo (Sence) con el apoyo de Compa\u00f1\u00eda Teck CDA. En esta ocasi\u00f3n se benefici\u00f3 a diecinueve [&hellip;]<\/p>\n","protected":false},"author":5,"featured_media":0,"comment_status":"open","ping_status":"open","sticky":false,"template":"","format":"standard","meta":{"_acf_changed":false,"footnotes":""},"categories":[4569],"tags":[1175,926],"acf":[],"aioseo_notices":[],"_links":{"self":[{"href":"https:\/\/www.andacolloconectado.cl\/index.php\/wp-json\/wp\/v2\/posts\/4817"}],"collection":[{"href":"https:\/\/www.andacolloconectado.cl\/index.php\/wp-json\/wp\/v2\/posts"}],"about":[{"href":"https:\/\/www.andacolloconectado.cl\/index.php\/wp-json\/wp\/v2\/types\/post"}],"author":[{"embeddable":true,"href":"https:\/\/www.andacolloconectado.cl\/index.php\/wp-json\/wp\/v2\/users\/5"}],"replies":[{"embeddable":true,"href":"https:\/\/www.andacolloconectado.cl\/index.php\/wp-json\/wp\/v2\/comments?post=4817"}],"version-history":[{"count":1,"href":"https:\/\/www.andacolloconectado.cl\/index.php\/wp-json\/wp\/v2\/posts\/4817\/revisions"}],"predecessor-version":[{"id":4819,"href":"https:\/\/www.andacolloconectado.cl\/index.php\/wp-json\/wp\/v2\/posts\/4817\/revisions\/4819"}],"wp:attachment":[{"href":"https:\/\/www.andacolloconectado.cl\/index.php\/wp-json\/wp\/v2\/media?parent=4817"}],"wp:term":[{"taxonomy":"category","embeddable":true,"href":"https:\/\/www.andacolloconectado.cl\/index.php\/wp-json\/wp\/v2\/categories?post=4817"},{"taxonomy":"post_tag","embeddable":true,"href":"https:\/\/www.andacolloconectado.cl\/index.php\/wp-json\/wp\/v2\/tags?post=4817"}],"curies":[{"name":"wp","href":"https:\/\/api.w.org\/{rel}","templated":true}]}}