{"id":4822,"date":"2017-09-07T21:29:17","date_gmt":"2017-09-07T21:29:17","guid":{"rendered":"http:\/\/www.andacolloconectado.cl\/?p=4822"},"modified":"2017-09-07T21:29:17","modified_gmt":"2017-09-07T21:29:17","slug":"andacollo-se-engalana-para-recibir-a-los-participantes-de-la-39-muestra-regional-escolar-de-cueca","status":"publish","type":"post","link":"https:\/\/www.andacolloconectado.cl\/index.php\/andacollo-se-engalana-para-recibir-a-los-participantes-de-la-39-muestra-regional-escolar-de-cueca\/","title":{"rendered":"Andacollo se engalana para recibir a los participantes de la 39\u00b0 Muestra Regional Escolar de Cueca"},"content":{"rendered":"<p>Ma\u00f1ana a partir de las 18:30 horas en la Plaza Nolasco Videla se dar\u00e1 inicio a la XXXIX Muestra Regional Escolar de Cueca Andacollo 2017. Este evento congrega a todas las comunas de la Regi\u00f3n de Coquimbo y se elegir\u00e1n a las parejas que nos representar\u00e1n en el campeonato Nacional en las categor\u00edas de ense\u00f1anza B\u00e1sica, Media y Rural.<\/p>\n<p>El Coordinador general de la muestra, Manuel Gallardo, destac\u00f3 los \u00faltimos preparativos que se est\u00e1n supervisando. \u201cEstamos preocupados de todos los detalles que tienen que ver con la implementaci\u00f3n de esta muestra regional. No se ha dejado nada al azar para esta XXXIX versi\u00f3n del campeonato, que por primera vez, se realiza en Andacollo\u201d, coment\u00f3 el Coordinador General de Extra Escolar.<\/p>\n<p>Gallardo, tambi\u00e9n explic\u00f3 cu\u00e1les son los grupos folcl\u00f3ricos que acompa\u00f1aran el evento. \u201cLa idea inicial es que fueran dos grupos folcl\u00f3ricos de Andacollo, \u201cHuaso Gonz\u00e1lez\u201d y Voces de La Monta\u00f1a, pero lamentablemente solo pod\u00edan \u201cHuaso Gonz\u00e1lez\u201d por temas de compromisos y por eso tomamos la opci\u00f3n del grupo de Coquimbo, Los Matuteros del Puerto\u201d, explic\u00f3 el organizador.<\/p>\n<p>La muestra ser\u00e1 tambi\u00e9n una oportunidad para que las distintas delegaciones puedan apreciar los atractivos tur\u00edsticos de la comuna. Solange Mondaca, Encargada de la Oficina Comunal de Turismo invita a asistir a Andacollo y presenciar los principales sitios tur\u00edsticos \u201caprovechamos esta oportunidad para invitar a todos aquellas personas que vienen a la muestra regional, que asistan a conocer Andacollo con sus diferentes atractivos, enfocados en el turismo minero, religioso y astron\u00f3mico. Tenemos dos monumentos religiosos, la sala museogr\u00e1fica Yahu\u00edn y el Observatorio Collowara, entre otros lugares que recorrer\u201d, coment\u00f3 Mondaca.<\/p>\n","protected":false},"excerpt":{"rendered":"<p>Ma\u00f1ana a partir de las 18:30 horas en la Plaza Nolasco Videla se dar\u00e1 inicio a la XXXIX Muestra Regional Escolar de Cueca Andacollo 2017. Este evento congrega a todas las comunas de la Regi\u00f3n de Coquimbo y se elegir\u00e1n a las parejas que nos representar\u00e1n en el campeonato Nacional en las categor\u00edas de ense\u00f1anza [&hellip;]<\/p>\n","protected":false},"author":5,"featured_media":0,"comment_status":"open","ping_status":"open","sticky":false,"template":"","format":"standard","meta":{"_acf_changed":false,"footnotes":""},"categories":[4569],"tags":[1176],"acf":[],"aioseo_notices":[],"_links":{"self":[{"href":"https:\/\/www.andacolloconectado.cl\/index.php\/wp-json\/wp\/v2\/posts\/4822"}],"collection":[{"href":"https:\/\/www.andacolloconectado.cl\/index.php\/wp-json\/wp\/v2\/posts"}],"about":[{"href":"https:\/\/www.andacolloconectado.cl\/index.php\/wp-json\/wp\/v2\/types\/post"}],"author":[{"embeddable":true,"href":"https:\/\/www.andacolloconectado.cl\/index.php\/wp-json\/wp\/v2\/users\/5"}],"replies":[{"embeddable":true,"href":"https:\/\/www.andacolloconectado.cl\/index.php\/wp-json\/wp\/v2\/comments?post=4822"}],"version-history":[{"count":1,"href":"https:\/\/www.andacolloconectado.cl\/index.php\/wp-json\/wp\/v2\/posts\/4822\/revisions"}],"predecessor-version":[{"id":4824,"href":"https:\/\/www.andacolloconectado.cl\/index.php\/wp-json\/wp\/v2\/posts\/4822\/revisions\/4824"}],"wp:attachment":[{"href":"https:\/\/www.andacolloconectado.cl\/index.php\/wp-json\/wp\/v2\/media?parent=4822"}],"wp:term":[{"taxonomy":"category","embeddable":true,"href":"https:\/\/www.andacolloconectado.cl\/index.php\/wp-json\/wp\/v2\/categories?post=4822"},{"taxonomy":"post_tag","embeddable":true,"href":"https:\/\/www.andacolloconectado.cl\/index.php\/wp-json\/wp\/v2\/tags?post=4822"}],"curies":[{"name":"wp","href":"https:\/\/api.w.org\/{rel}","templated":true}]}}