{"id":4829,"date":"2017-09-08T17:59:25","date_gmt":"2017-09-08T17:59:25","guid":{"rendered":"http:\/\/www.andacolloconectado.cl\/?p=4829"},"modified":"2017-09-08T18:24:55","modified_gmt":"2017-09-08T18:24:55","slug":"club-de-huasos-invita-a-participar-de-las-ocho-horas-de-cueca","status":"publish","type":"post","link":"https:\/\/www.andacolloconectado.cl\/index.php\/club-de-huasos-invita-a-participar-de-las-ocho-horas-de-cueca\/","title":{"rendered":"Club de Huasos invita a participar de las \u201cOcho horas de Cueca\u201d"},"content":{"rendered":"<p>Ma\u00f1ana s\u00e1bado 9 de septiembre a partir de las 13 hrs. y hasta las 20 hrs. se realizar\u00e1 en la Plaza Nolasco Videla \u201cLas Ocho Horas de Cueca\u201d organizadas por el Club de Huasos de Andacollo, como culminaci\u00f3n a las clases que impartieron de manera gratuita desde julio todas las personas interesadas en aprender a bailar Cueca.<\/p>\n<p>Para la actividad se tienen contempladas la actuaci\u00f3n de tres conjuntos que interpretaran durante \u201cLas Ocho Horas de Cueca\u201d, los m\u00e1s variados temas cuequeros para las parejas que llegar\u00e1n a participar.<\/p>\n<p>Ra\u00fal Antiquera, presidente del Club de Huasos invita a toda la comunidad andacollina a asistir y apoyar esta instancia que busca preservar nuestras tradiciones, especialmente nuestro Baile Nacional.<\/p>\n<p>Las clases se realizaron dos veces a la semana a partir del 19 de julio, en el Rancho Criollo, del sector Casuto. Contando con la presencia de entre 50 a 60 personas por jornada. Nevenka D\u00edaz Padilla monitora se\u00f1al\u00f3 que \u201chubo harta concurrencia en estos dos meses, estamos terminando nuestros talleres tanto de mam\u00e1s, pap\u00e1s, ni\u00f1os y adultos mayores, esperamos cerrar el taller de cueca el d\u00eda s\u00e1bado con las \u201cOcho Horas de Cueca\u201d con la asistencia de todos nuestros alumnos\u201d.<\/p>\n<p>Finalmente, Ra\u00fal Antiquera se\u00f1al\u00f3 que esta instancia se gesta \u201cdentro del plan de trabajo que le presentamos a compa\u00f1\u00eda Teck. Esta es nuestra tercera actividad del a\u00f1o, recordar que la primera fue la Trilla, la segunda la implementaci\u00f3n y potenciaci\u00f3n de la Fiesta de Cuasimodo. Nuestra tercera actividad fueron los talleres de cueca gratuitos y abiertos a toda la comunidad\u201d.<\/p>\n","protected":false},"excerpt":{"rendered":"<p>Ma\u00f1ana s\u00e1bado 9 de septiembre a partir de las 13 hrs. y hasta las 20 hrs. se realizar\u00e1 en la Plaza Nolasco Videla \u201cLas Ocho Horas de Cueca\u201d organizadas por el Club de Huasos de Andacollo, como culminaci\u00f3n a las clases que impartieron de manera gratuita desde julio todas las personas interesadas en aprender a [&hellip;]<\/p>\n","protected":false},"author":5,"featured_media":0,"comment_status":"open","ping_status":"open","sticky":false,"template":"","format":"standard","meta":{"_acf_changed":false,"footnotes":""},"categories":[4569],"tags":[926,1178],"acf":[],"aioseo_notices":[],"_links":{"self":[{"href":"https:\/\/www.andacolloconectado.cl\/index.php\/wp-json\/wp\/v2\/posts\/4829"}],"collection":[{"href":"https:\/\/www.andacolloconectado.cl\/index.php\/wp-json\/wp\/v2\/posts"}],"about":[{"href":"https:\/\/www.andacolloconectado.cl\/index.php\/wp-json\/wp\/v2\/types\/post"}],"author":[{"embeddable":true,"href":"https:\/\/www.andacolloconectado.cl\/index.php\/wp-json\/wp\/v2\/users\/5"}],"replies":[{"embeddable":true,"href":"https:\/\/www.andacolloconectado.cl\/index.php\/wp-json\/wp\/v2\/comments?post=4829"}],"version-history":[{"count":1,"href":"https:\/\/www.andacolloconectado.cl\/index.php\/wp-json\/wp\/v2\/posts\/4829\/revisions"}],"predecessor-version":[{"id":4831,"href":"https:\/\/www.andacolloconectado.cl\/index.php\/wp-json\/wp\/v2\/posts\/4829\/revisions\/4831"}],"wp:attachment":[{"href":"https:\/\/www.andacolloconectado.cl\/index.php\/wp-json\/wp\/v2\/media?parent=4829"}],"wp:term":[{"taxonomy":"category","embeddable":true,"href":"https:\/\/www.andacolloconectado.cl\/index.php\/wp-json\/wp\/v2\/categories?post=4829"},{"taxonomy":"post_tag","embeddable":true,"href":"https:\/\/www.andacolloconectado.cl\/index.php\/wp-json\/wp\/v2\/tags?post=4829"}],"curies":[{"name":"wp","href":"https:\/\/api.w.org\/{rel}","templated":true}]}}