{"id":4839,"date":"2017-09-11T20:23:50","date_gmt":"2017-09-11T20:23:50","guid":{"rendered":"http:\/\/www.andacolloconectado.cl\/?p=4839"},"modified":"2017-09-11T20:23:50","modified_gmt":"2017-09-11T20:23:50","slug":"andacollinos-disfrutaron-con-la-29-muestra-de-cueca-autoctona","status":"publish","type":"post","link":"https:\/\/www.andacolloconectado.cl\/index.php\/andacollinos-disfrutaron-con-la-29-muestra-de-cueca-autoctona\/","title":{"rendered":"Andacollinos  disfrutaron con la 29\u00b0 Muestra de Cueca Aut\u00f3ctona"},"content":{"rendered":"<p>Durante el d\u00eda domingo se realiz\u00f3 en la Plaza Nolasco Videla la vig\u00e9sima novena Muestra Nacional de Cueca aut\u00f3ctona regional. Esta actividad que se realiza en nuestra comuna de manera consecutiva desde 1988, consiste en la presentaci\u00f3n de trece parejas de distintas zonas del pa\u00eds que bailan la danza nacional en sus diferentes tendencias geogr\u00e1ficas.<\/p>\n<p>La muestra de baile es organizada por la Agrupaci\u00f3n de Proyecci\u00f3n Folcl\u00f3rica Septiembre, Club de Cueca IV Regi\u00f3n \u201cAgrupaci\u00f3n Septiembre\u201d. Quienes buscan acercar a la comunidad en general las particularidades, variedades y sello propio que cada pueblo le da a la cueca y de esta forma exhibir c\u00f3mo lo danzan en el sur o en el norte, los campesinos, los chilotes, los mineros, etc.<\/p>\n<p>El coordinador del evento Jos\u00e9 Alfaro, se\u00f1ala que todos los a\u00f1os vienen a nuestra comuna a presentar a las parejas de todo Chile, en esta ocasi\u00f3n fueron nueve de otras regiones y cuatro representantes de la zona. \u201cVenimos de manera ininterrumpida hace 29 a\u00f1os, es una rica experiencia porque a la gente le gusta venir a la monta\u00f1a\u201d concluy\u00f3 el folclorista.<\/p>\n<p>Por su parte, el Alcalde, Juan Carlos Alfaro, presente en la muestra de Cueca Aut\u00f3ctona, destac\u00f3 que el Municipio ha organizado m\u00faltiples actividades para que los andacollinos disfruten de estas Festividades Patrias 2017.<\/p>\n<p>La autoridad hace una invitaci\u00f3n a los vecinos a presenciar \u201clos actos de los diferentes Colegios, pero tambi\u00e9n el acto central que ser\u00e1 el 18 de Septiembre, yo que creo es muy importante hacerlo el mismo d\u00eda y con la participaci\u00f3n de casi todas las escuelas m\u00e1s la instituciones de nuestra comuna\u201d.<\/p>\n<p>Finalmente, se\u00f1al\u00f3 que \u201ctenemos que tener mucha prudencia y moderaci\u00f3n en celebrar, lo m\u00e1s importante es no manejar si ha bebido alcohol, se trata de pasarla bien, pero de buena manera\u201d, explic\u00f3 el Edil.<\/p>\n","protected":false},"excerpt":{"rendered":"<p>Durante el d\u00eda domingo se realiz\u00f3 en la Plaza Nolasco Videla la vig\u00e9sima novena Muestra Nacional de Cueca aut\u00f3ctona regional. Esta actividad que se realiza en nuestra comuna de manera consecutiva desde 1988, consiste en la presentaci\u00f3n de trece parejas de distintas zonas del pa\u00eds que bailan la danza nacional en sus diferentes tendencias geogr\u00e1ficas. [&hellip;]<\/p>\n","protected":false},"author":5,"featured_media":0,"comment_status":"open","ping_status":"open","sticky":false,"template":"","format":"standard","meta":{"_acf_changed":false,"footnotes":""},"categories":[4569],"tags":[1180],"acf":[],"aioseo_notices":[],"_links":{"self":[{"href":"https:\/\/www.andacolloconectado.cl\/index.php\/wp-json\/wp\/v2\/posts\/4839"}],"collection":[{"href":"https:\/\/www.andacolloconectado.cl\/index.php\/wp-json\/wp\/v2\/posts"}],"about":[{"href":"https:\/\/www.andacolloconectado.cl\/index.php\/wp-json\/wp\/v2\/types\/post"}],"author":[{"embeddable":true,"href":"https:\/\/www.andacolloconectado.cl\/index.php\/wp-json\/wp\/v2\/users\/5"}],"replies":[{"embeddable":true,"href":"https:\/\/www.andacolloconectado.cl\/index.php\/wp-json\/wp\/v2\/comments?post=4839"}],"version-history":[{"count":1,"href":"https:\/\/www.andacolloconectado.cl\/index.php\/wp-json\/wp\/v2\/posts\/4839\/revisions"}],"predecessor-version":[{"id":4841,"href":"https:\/\/www.andacolloconectado.cl\/index.php\/wp-json\/wp\/v2\/posts\/4839\/revisions\/4841"}],"wp:attachment":[{"href":"https:\/\/www.andacolloconectado.cl\/index.php\/wp-json\/wp\/v2\/media?parent=4839"}],"wp:term":[{"taxonomy":"category","embeddable":true,"href":"https:\/\/www.andacolloconectado.cl\/index.php\/wp-json\/wp\/v2\/categories?post=4839"},{"taxonomy":"post_tag","embeddable":true,"href":"https:\/\/www.andacolloconectado.cl\/index.php\/wp-json\/wp\/v2\/tags?post=4839"}],"curies":[{"name":"wp","href":"https:\/\/api.w.org\/{rel}","templated":true}]}}