{"id":4846,"date":"2017-09-12T13:10:48","date_gmt":"2017-09-12T13:10:48","guid":{"rendered":"http:\/\/www.andacolloconectado.cl\/?p=4846"},"modified":"2017-09-12T13:10:48","modified_gmt":"2017-09-12T13:10:48","slug":"en-andacollo-se-eligieron-las-parejas-que-representaran-a-la-region-en-la-muestra-nacional-de-cueca-escolar","status":"publish","type":"post","link":"https:\/\/www.andacolloconectado.cl\/index.php\/en-andacollo-se-eligieron-las-parejas-que-representaran-a-la-region-en-la-muestra-nacional-de-cueca-escolar\/","title":{"rendered":"En Andacollo se eligieron las parejas que representar\u00e1n a la regi\u00f3n en la Muestra Nacional de Cueca Escolar"},"content":{"rendered":"<p><strong>La noche del pasado 8 de septiembre se dieron cita en la Plaza Nolasco Videla de nuestra comuna una gran numero de personas que llegaron para apoyar a sus representantes en la Trig\u00e9sima Novena Muestra de Cueca Escolar.<\/strong><\/p>\n<p>En la ocasi\u00f3n y con una grato ambiente de chilenidad se presentaron las parejas de cada una de las quince comunas de la regi\u00f3n que llegaron a competir en las categor\u00edas de educaci\u00f3n Inclusiva, Rural o lugare\u00f1a, B\u00e1sica y Media.<\/p>\n<p>El alcalde de Andacollo, Juan Carlos Alfaro, al finalizar la competencia destac\u00f3 que \u201cfue una muy buena organizaci\u00f3n, felicito al equipo de trabajo del Departamento de Educaci\u00f3n y de la Municipalidad, porque sabemos que es muy complejo hacer un espect\u00e1culo al aire libre con el orden que se requiere. Afortunadamente hubo orden y disciplina, los muchachos de cada colegio y comuna que vinieron a mostrar su baile, lo hicieron de manera espectacular, concluy\u00f3 la autoridad.<\/p>\n<p>Por su parte, el Seremi de Educaci\u00f3n, Pedro Esparza se\u00f1al\u00f3 que el evento fue una gran fiesta que sirve para fomentar en las nuevas generaciones la identidad de nuestro pa\u00eds a trav\u00e9s de sus tradiciones, especialmente con la Danza Nacional.<\/p>\n<p>El primer lugar de categor\u00eda educaci\u00f3n inclusiva fue para Luz Frez y Sergio D\u00edaz, alumnos de la Escuela Especial Rayen de Los Vilos. El primer lugar en educaci\u00f3n b\u00e1sica rural o lugare\u00f1a fue para Elizabeth Polanco y Joaqu\u00edn Lemus de la Escuela Clemencia Villarroel de la localidad de C\u00e1rcamo, ubicada en Illapel.<\/p>\n<p>El primer lugar en educaci\u00f3n b\u00e1sica urbana lo obtuvo la pareja compuesta por Antonella D\u00edaz y Joaqu\u00edn Carvajal del Colegio Nuestra Se\u00f1ora de Andacollo representantes de La Serena. En la serie de educaci\u00f3n media los ganadores fueron Catalina Cort\u00e9s y Francisco Argando\u00f1a del Colegio Ger\u00f3nimo Rendic de La Serena.<\/p>\n<p>Los ganadores de la categor\u00eda de ense\u00f1anza media expresaron su alegr\u00eda por el triunfo que fue el fruto del esfuerzo y ensayos que realizaron para llegar de la manera m\u00e1s optima a la competencia, ambos bailan desde peque\u00f1os y lo hacen desde el coraz\u00f3n.<\/p>\n<p>El jurado fue presidido por Nancy Salinas e integrado por Jorge Castillo (Provincia de Elqui), Luis Ogalde (Provincia de Limar\u00ed), Luis Barriga (Provincia de Choapa) y V\u00edctor Soto (Andacollo). Los ganadores participar\u00e1n en la Muestra Nacional de Cueca Escolar a realizarse en Punta Arenas.<\/p>\n","protected":false},"excerpt":{"rendered":"<p>La noche del pasado 8 de septiembre se dieron cita en la Plaza Nolasco Videla de nuestra comuna una gran numero de personas que llegaron para apoyar a sus representantes en la Trig\u00e9sima Novena Muestra de Cueca Escolar. En la ocasi\u00f3n y con una grato ambiente de chilenidad se presentaron las parejas de cada una [&hellip;]<\/p>\n","protected":false},"author":3,"featured_media":0,"comment_status":"open","ping_status":"open","sticky":false,"template":"","format":"standard","meta":{"_acf_changed":false,"footnotes":""},"categories":[4569],"tags":[1182],"acf":[],"aioseo_notices":[],"_links":{"self":[{"href":"https:\/\/www.andacolloconectado.cl\/index.php\/wp-json\/wp\/v2\/posts\/4846"}],"collection":[{"href":"https:\/\/www.andacolloconectado.cl\/index.php\/wp-json\/wp\/v2\/posts"}],"about":[{"href":"https:\/\/www.andacolloconectado.cl\/index.php\/wp-json\/wp\/v2\/types\/post"}],"author":[{"embeddable":true,"href":"https:\/\/www.andacolloconectado.cl\/index.php\/wp-json\/wp\/v2\/users\/3"}],"replies":[{"embeddable":true,"href":"https:\/\/www.andacolloconectado.cl\/index.php\/wp-json\/wp\/v2\/comments?post=4846"}],"version-history":[{"count":1,"href":"https:\/\/www.andacolloconectado.cl\/index.php\/wp-json\/wp\/v2\/posts\/4846\/revisions"}],"predecessor-version":[{"id":4848,"href":"https:\/\/www.andacolloconectado.cl\/index.php\/wp-json\/wp\/v2\/posts\/4846\/revisions\/4848"}],"wp:attachment":[{"href":"https:\/\/www.andacolloconectado.cl\/index.php\/wp-json\/wp\/v2\/media?parent=4846"}],"wp:term":[{"taxonomy":"category","embeddable":true,"href":"https:\/\/www.andacolloconectado.cl\/index.php\/wp-json\/wp\/v2\/categories?post=4846"},{"taxonomy":"post_tag","embeddable":true,"href":"https:\/\/www.andacolloconectado.cl\/index.php\/wp-json\/wp\/v2\/tags?post=4846"}],"curies":[{"name":"wp","href":"https:\/\/api.w.org\/{rel}","templated":true}]}}