{"id":4859,"date":"2017-09-13T13:37:41","date_gmt":"2017-09-13T13:37:41","guid":{"rendered":"http:\/\/www.andacolloconectado.cl\/?p=4859"},"modified":"2017-09-13T13:37:41","modified_gmt":"2017-09-13T13:37:41","slug":"se-da-inicio-en-nuestra-comuna-a-la-campana-preventiva-cuida-tus-limites","status":"publish","type":"post","link":"https:\/\/www.andacolloconectado.cl\/index.php\/se-da-inicio-en-nuestra-comuna-a-la-campana-preventiva-cuida-tus-limites\/","title":{"rendered":"Se da inicio en nuestra comuna a la campa\u00f1a preventiva \u201cCuida tus L\u00edmites\u201d"},"content":{"rendered":"<p>La oficina comunal de senda Previene realiz\u00f3 el lanzamiento en nuestra comuna de la campa\u00f1a \u201cCuida Tus L\u00edmites\u201d para prevenir accidentes asociados al consumo de alcohol durante estas Fiestas Patrias 2017.<\/p>\n<p>La actividad denominada \u201cFonda Saludable\u201d se realiz\u00f3 en el Parque \u201cEl Peregrino\u201d, ubicado a un costado de la Bas\u00edlica, en la cual participaron las mujeres que pertenecen al programa Pro Empleo, los adultos mayores del programa V\u00ednculos y alumnos de la Escuela Patricio Lynch.<\/p>\n<p>Esta grata jornada de esparcimiento consisti\u00f3 en compartir en torno a nuestras tradiciones como es el baile nacional, adem\u00e1s de preparaci\u00f3n de comida t\u00edpica y de tragos sin alcohol.<\/p>\n<p>Como hubo una participaci\u00f3n transversal generacional, desde ni\u00f1os a adultos mayores se dio una instancia de ense\u00f1anza muy enriquecedora, pues los abuelos ense\u00f1aron a los peque\u00f1os preparar unas sabrosas churrascas.<\/p>\n<p>Finalmente, la directora regional de Senda, Fernanda Alvarado se\u00f1al\u00f3 \u201cque estas son las actividades que nosotros convocamos, que invitamos para que la familia lo pase bien y disfrute este dieciocho sin accidentes, sin excesos siempre con moderaci\u00f3n y responsabilidad\u201d, concluy\u00f3 la autoridad.<\/p>\n","protected":false},"excerpt":{"rendered":"<p>La oficina comunal de senda Previene realiz\u00f3 el lanzamiento en nuestra comuna de la campa\u00f1a \u201cCuida Tus L\u00edmites\u201d para prevenir accidentes asociados al consumo de alcohol durante estas Fiestas Patrias 2017. La actividad denominada \u201cFonda Saludable\u201d se realiz\u00f3 en el Parque \u201cEl Peregrino\u201d, ubicado a un costado de la Bas\u00edlica, en la cual participaron las [&hellip;]<\/p>\n","protected":false},"author":5,"featured_media":0,"comment_status":"open","ping_status":"open","sticky":false,"template":"","format":"standard","meta":{"_acf_changed":false,"footnotes":""},"categories":[4569],"tags":[1183,565,48],"acf":[],"aioseo_notices":[],"_links":{"self":[{"href":"https:\/\/www.andacolloconectado.cl\/index.php\/wp-json\/wp\/v2\/posts\/4859"}],"collection":[{"href":"https:\/\/www.andacolloconectado.cl\/index.php\/wp-json\/wp\/v2\/posts"}],"about":[{"href":"https:\/\/www.andacolloconectado.cl\/index.php\/wp-json\/wp\/v2\/types\/post"}],"author":[{"embeddable":true,"href":"https:\/\/www.andacolloconectado.cl\/index.php\/wp-json\/wp\/v2\/users\/5"}],"replies":[{"embeddable":true,"href":"https:\/\/www.andacolloconectado.cl\/index.php\/wp-json\/wp\/v2\/comments?post=4859"}],"version-history":[{"count":1,"href":"https:\/\/www.andacolloconectado.cl\/index.php\/wp-json\/wp\/v2\/posts\/4859\/revisions"}],"predecessor-version":[{"id":4861,"href":"https:\/\/www.andacolloconectado.cl\/index.php\/wp-json\/wp\/v2\/posts\/4859\/revisions\/4861"}],"wp:attachment":[{"href":"https:\/\/www.andacolloconectado.cl\/index.php\/wp-json\/wp\/v2\/media?parent=4859"}],"wp:term":[{"taxonomy":"category","embeddable":true,"href":"https:\/\/www.andacolloconectado.cl\/index.php\/wp-json\/wp\/v2\/categories?post=4859"},{"taxonomy":"post_tag","embeddable":true,"href":"https:\/\/www.andacolloconectado.cl\/index.php\/wp-json\/wp\/v2\/tags?post=4859"}],"curies":[{"name":"wp","href":"https:\/\/api.w.org\/{rel}","templated":true}]}}