{"id":4867,"date":"2017-09-14T13:49:45","date_gmt":"2017-09-14T13:49:45","guid":{"rendered":"http:\/\/www.andacolloconectado.cl\/?p=4867"},"modified":"2017-09-14T13:49:45","modified_gmt":"2017-09-14T13:49:45","slug":"se-realizo-el-iv-concurso-de-plato-tipico-andacollino","status":"publish","type":"post","link":"https:\/\/www.andacolloconectado.cl\/index.php\/se-realizo-el-iv-concurso-de-plato-tipico-andacollino\/","title":{"rendered":"Se realiz\u00f3 el IV Concurso de Plato T\u00edpico andacollino"},"content":{"rendered":"<p>En el frontis de la Casa del encuentro ciudadano de nuestra comuna se efect\u00fao ayer el \u201cIV Concurso Comunal de Plato T\u00edpico Andacollino en Fiestas Patrias\u201d , evento organizado por el Municipio local a trav\u00e9s de sus departamentos de Turismo y Cultura.<\/p>\n<p>Esta actividad que se realiza por cuarto a\u00f1o consecutivo consisti\u00f3 en elegir la mejor preparaci\u00f3n culinaria caracter\u00edstica y tradicional de nuestro pueblo. En esta ocasi\u00f3n fueron nueve las personas que se dieron cita para exponer su plato en la categor\u00eda de Gastronom\u00eda T\u00edpica.<\/p>\n<p>El primer lugar lo obtuvo la se\u00f1ora Patricia Guerrero con su cocteler\u00eda chilena que incluy\u00f3 la elaboraci\u00f3n de empanadas de queso blanco con aceitunas y albahaca, empanadas de pino con carne de cabrito y pastelitos de choclo rellenos con cabrito, obteniendo as\u00ed los $100.000 que se entregaba al ganador.<\/p>\n<p>El segundo lugar fue para Marcela Godoy con la preparaci\u00f3n de pantrucas y el tercer lugar para Cecilia Pereira con su plato de porotos con riendas, cada participante recibi\u00f3 un premio de $80.000 y $60.000 respectivamente.<\/p>\n<p>El Alcalde, Juan Carlos Alfaro destac\u00f3 la organizaci\u00f3n y participaci\u00f3n tanto de los seleccionados para el concurso como del publico que asisti\u00f3 a presenciar este evento que busca mantener viva la gastronom\u00eda t\u00edpica de Andacollo.<\/p>\n","protected":false},"excerpt":{"rendered":"<p>En el frontis de la Casa del encuentro ciudadano de nuestra comuna se efect\u00fao ayer el \u201cIV Concurso Comunal de Plato T\u00edpico Andacollino en Fiestas Patrias\u201d , evento organizado por el Municipio local a trav\u00e9s de sus departamentos de Turismo y Cultura. Esta actividad que se realiza por cuarto a\u00f1o consecutivo consisti\u00f3 en elegir la [&hellip;]<\/p>\n","protected":false},"author":5,"featured_media":0,"comment_status":"open","ping_status":"open","sticky":false,"template":"","format":"standard","meta":{"_acf_changed":false,"footnotes":""},"categories":[4569],"tags":[1185],"acf":[],"aioseo_notices":[],"_links":{"self":[{"href":"https:\/\/www.andacolloconectado.cl\/index.php\/wp-json\/wp\/v2\/posts\/4867"}],"collection":[{"href":"https:\/\/www.andacolloconectado.cl\/index.php\/wp-json\/wp\/v2\/posts"}],"about":[{"href":"https:\/\/www.andacolloconectado.cl\/index.php\/wp-json\/wp\/v2\/types\/post"}],"author":[{"embeddable":true,"href":"https:\/\/www.andacolloconectado.cl\/index.php\/wp-json\/wp\/v2\/users\/5"}],"replies":[{"embeddable":true,"href":"https:\/\/www.andacolloconectado.cl\/index.php\/wp-json\/wp\/v2\/comments?post=4867"}],"version-history":[{"count":1,"href":"https:\/\/www.andacolloconectado.cl\/index.php\/wp-json\/wp\/v2\/posts\/4867\/revisions"}],"predecessor-version":[{"id":4869,"href":"https:\/\/www.andacolloconectado.cl\/index.php\/wp-json\/wp\/v2\/posts\/4867\/revisions\/4869"}],"wp:attachment":[{"href":"https:\/\/www.andacolloconectado.cl\/index.php\/wp-json\/wp\/v2\/media?parent=4867"}],"wp:term":[{"taxonomy":"category","embeddable":true,"href":"https:\/\/www.andacolloconectado.cl\/index.php\/wp-json\/wp\/v2\/categories?post=4867"},{"taxonomy":"post_tag","embeddable":true,"href":"https:\/\/www.andacolloconectado.cl\/index.php\/wp-json\/wp\/v2\/tags?post=4867"}],"curies":[{"name":"wp","href":"https:\/\/api.w.org\/{rel}","templated":true}]}}