{"id":4876,"date":"2017-09-14T19:44:32","date_gmt":"2017-09-14T19:44:32","guid":{"rendered":"http:\/\/www.andacolloconectado.cl\/?p=4876"},"modified":"2017-09-14T19:44:32","modified_gmt":"2017-09-14T19:44:32","slug":"establecimientos-preescolares-municipales-efectuan-acto-de-fiestas-patrias","status":"publish","type":"post","link":"https:\/\/www.andacolloconectado.cl\/index.php\/establecimientos-preescolares-municipales-efectuan-acto-de-fiestas-patrias\/","title":{"rendered":"Establecimientos preescolares municipales efect\u00faan acto de Fiestas Patrias"},"content":{"rendered":"<p>Los jardines infantiles \u201cSoles de Oro\u201d y de la Escuela Luis Cruz Mart\u00ednez, realizaron ayer su acto de conmemoraci\u00f3n de Fiestas Patrias en el sector de El Curque de nuestra comuna.<\/p>\n<p>En la actividad participaron varias autoridades, encabezadas por el Alcalde Juan Carlos Alfaro, Concejales, representantes de Teck, padres, apoderados y vecinos que llegaron para ver las presentaciones art\u00edsticas y el desfile preparado por los p\u00e1rvulos de los dos establecimientos.<\/p>\n<p>Ambos centros educativos funcionan con aportes VTF (V\u00eda Transferencia de Fondos) y dependen del Municipio andacollino, atienden a ni\u00f1os en edad preescolar, principalmente de los sectores de El Curque y de la Poblaci\u00f3n 25 de Octubre.<\/p>\n<p>El acto contempl\u00f3 la actuaci\u00f3n de los peque\u00f1itos que realizaron presentaciones de bailes t\u00edpicos de las diferentes zonas de Chile y culmin\u00f3 con un desfile de honor al son de la Banda Instrumental del Colegio Nuestra Se\u00f1ora del Rosario.<\/p>\n<p>El Alcalde coment\u00f3 que est\u00e1n muy orgullosos de estos actos, pues es una manera de incentivar en los ni\u00f1os las tradiciones y valores patrios que en septiembre son celebrados por todos los chilenos.<\/p>\n<p>Adem\u00e1s felicit\u00f3 a las educadoras y a los padres de cada uno de los establecimientos por el esmero puesto en el acto brindado a la gente del sector demostrando as\u00ed la preocupaci\u00f3n de trabajar junto a la comunidad que los rodea.<\/p>\n","protected":false},"excerpt":{"rendered":"<p>Los jardines infantiles \u201cSoles de Oro\u201d y de la Escuela Luis Cruz Mart\u00ednez, realizaron ayer su acto de conmemoraci\u00f3n de Fiestas Patrias en el sector de El Curque de nuestra comuna. En la actividad participaron varias autoridades, encabezadas por el Alcalde Juan Carlos Alfaro, Concejales, representantes de Teck, padres, apoderados y vecinos que llegaron para [&hellip;]<\/p>\n","protected":false},"author":5,"featured_media":0,"comment_status":"open","ping_status":"open","sticky":false,"template":"","format":"standard","meta":{"_acf_changed":false,"footnotes":""},"categories":[4569],"tags":[1186,926],"acf":[],"aioseo_notices":[],"_links":{"self":[{"href":"https:\/\/www.andacolloconectado.cl\/index.php\/wp-json\/wp\/v2\/posts\/4876"}],"collection":[{"href":"https:\/\/www.andacolloconectado.cl\/index.php\/wp-json\/wp\/v2\/posts"}],"about":[{"href":"https:\/\/www.andacolloconectado.cl\/index.php\/wp-json\/wp\/v2\/types\/post"}],"author":[{"embeddable":true,"href":"https:\/\/www.andacolloconectado.cl\/index.php\/wp-json\/wp\/v2\/users\/5"}],"replies":[{"embeddable":true,"href":"https:\/\/www.andacolloconectado.cl\/index.php\/wp-json\/wp\/v2\/comments?post=4876"}],"version-history":[{"count":1,"href":"https:\/\/www.andacolloconectado.cl\/index.php\/wp-json\/wp\/v2\/posts\/4876\/revisions"}],"predecessor-version":[{"id":4878,"href":"https:\/\/www.andacolloconectado.cl\/index.php\/wp-json\/wp\/v2\/posts\/4876\/revisions\/4878"}],"wp:attachment":[{"href":"https:\/\/www.andacolloconectado.cl\/index.php\/wp-json\/wp\/v2\/media?parent=4876"}],"wp:term":[{"taxonomy":"category","embeddable":true,"href":"https:\/\/www.andacolloconectado.cl\/index.php\/wp-json\/wp\/v2\/categories?post=4876"},{"taxonomy":"post_tag","embeddable":true,"href":"https:\/\/www.andacolloconectado.cl\/index.php\/wp-json\/wp\/v2\/tags?post=4876"}],"curies":[{"name":"wp","href":"https:\/\/api.w.org\/{rel}","templated":true}]}}