{"id":4881,"date":"2017-09-15T15:20:01","date_gmt":"2017-09-15T15:20:01","guid":{"rendered":"http:\/\/www.andacolloconectado.cl\/?p=4881"},"modified":"2017-09-15T15:20:01","modified_gmt":"2017-09-15T15:20:01","slug":"grupo-cielo-celebrara-sus-20-anos-de-vida-artistica-en-la-plaza-videla","status":"publish","type":"post","link":"https:\/\/www.andacolloconectado.cl\/index.php\/grupo-cielo-celebrara-sus-20-anos-de-vida-artistica-en-la-plaza-videla\/","title":{"rendered":"Grupo  Cielo celebrar\u00e1 sus  20 a\u00f1os de  vida  art\u00edstica en la Plaza Videla"},"content":{"rendered":"<p>Este s\u00e1bado 16 de septiembre a partir de las 22 horas en la Plaza central de nuestra comuna el conjunto musical andacollino \u201cCielo\u201d realizar\u00e1 un concierto para celebrar sus dos d\u00e9cadas de trayectoria art\u00edstica.<\/p>\n<p>El grupo Cielo naci\u00f3 el 13 de septiembre de 1997 cuando hicieron su primera presentaci\u00f3n en p\u00fablico, en el mismo lugar que ser\u00e1 el escenario para realizar este recorrido por sus temas m\u00e1s conocidos junto a sus seguidores.<\/p>\n<p>Los integrantes actuales son Javier Carmona, Carlos Lemus, Hector Cuello, Miguel Godoy, Pablo Gonzalez, Rony Carmona y Claudio D\u00edaz quienes han estado preparando esta actuaci\u00f3n ensayando tres d\u00edas por semana para entregar el mejor espect\u00e1culo al p\u00fablico que asistir\u00e1.<\/p>\n<p>Esta agrupaci\u00f3n desde sus inicios ha destacado por su rescate de los sellos tradicionales e identitarios de Andacollo, a trav\u00e9s de las letras de sus canciones que describen las experiencias de nuestra comuna escritas por autores y compositores andacollinos.<\/p>\n<p>Javier Carmona, director grupo Cielo nos comenta que para este s\u00e1bado tienen varias sorpresas, pues aparte de hacer un recorrido por sus canciones m\u00e1s conocidas del primer disco editado en el 2010, estrenar\u00e1n algunos temas que incluir\u00e1n en el nuevo material que est\u00e1n preparando.<\/p>\n<p>Otra de las novedades para el show ser\u00e1 la actuaci\u00f3n con algunos de los m\u00fasicos que formaron parte del grupo a trav\u00e9s de estos veinte a\u00f1os de trayectoria. Adem\u00e1s habr\u00e1 dos artistas invitados, la cantante Jimena Urrutia y el grupo Tradiciones que presentar\u00e1n sus canciones.<\/p>\n<p>Dentro de las proyecciones a futuro se han planteado dos metas, una a corto plazo que es seguir practicando para perfeccionar los temas, haciendo arreglos de voces e instrumentaci\u00f3n.<\/p>\n<p>A mediano plazo es concretar la grabaci\u00f3n de un segundo disco para ellos ya trabajan en la preparaci\u00f3n de material, y este s\u00e1bado ser\u00e1 la oportunidad de conocer un adelanto de esas canciones.<\/p>\n","protected":false},"excerpt":{"rendered":"<p>Este s\u00e1bado 16 de septiembre a partir de las 22 horas en la Plaza central de nuestra comuna el conjunto musical andacollino \u201cCielo\u201d realizar\u00e1 un concierto para celebrar sus dos d\u00e9cadas de trayectoria art\u00edstica. El grupo Cielo naci\u00f3 el 13 de septiembre de 1997 cuando hicieron su primera presentaci\u00f3n en p\u00fablico, en el mismo lugar [&hellip;]<\/p>\n","protected":false},"author":5,"featured_media":0,"comment_status":"open","ping_status":"open","sticky":false,"template":"","format":"standard","meta":{"_acf_changed":false,"footnotes":""},"categories":[4569],"tags":[1187],"acf":[],"aioseo_notices":[],"_links":{"self":[{"href":"https:\/\/www.andacolloconectado.cl\/index.php\/wp-json\/wp\/v2\/posts\/4881"}],"collection":[{"href":"https:\/\/www.andacolloconectado.cl\/index.php\/wp-json\/wp\/v2\/posts"}],"about":[{"href":"https:\/\/www.andacolloconectado.cl\/index.php\/wp-json\/wp\/v2\/types\/post"}],"author":[{"embeddable":true,"href":"https:\/\/www.andacolloconectado.cl\/index.php\/wp-json\/wp\/v2\/users\/5"}],"replies":[{"embeddable":true,"href":"https:\/\/www.andacolloconectado.cl\/index.php\/wp-json\/wp\/v2\/comments?post=4881"}],"version-history":[{"count":1,"href":"https:\/\/www.andacolloconectado.cl\/index.php\/wp-json\/wp\/v2\/posts\/4881\/revisions"}],"predecessor-version":[{"id":4883,"href":"https:\/\/www.andacolloconectado.cl\/index.php\/wp-json\/wp\/v2\/posts\/4881\/revisions\/4883"}],"wp:attachment":[{"href":"https:\/\/www.andacolloconectado.cl\/index.php\/wp-json\/wp\/v2\/media?parent=4881"}],"wp:term":[{"taxonomy":"category","embeddable":true,"href":"https:\/\/www.andacolloconectado.cl\/index.php\/wp-json\/wp\/v2\/categories?post=4881"},{"taxonomy":"post_tag","embeddable":true,"href":"https:\/\/www.andacolloconectado.cl\/index.php\/wp-json\/wp\/v2\/tags?post=4881"}],"curies":[{"name":"wp","href":"https:\/\/api.w.org\/{rel}","templated":true}]}}