{"id":4891,"date":"2017-09-21T13:11:25","date_gmt":"2017-09-21T13:11:25","guid":{"rendered":"http:\/\/www.andacolloconectado.cl\/?p=4891"},"modified":"2017-09-21T13:11:25","modified_gmt":"2017-09-21T13:11:25","slug":"artesanos-de-piedra-andacollita-representan-a-la-comuna-en-la-pampilla-coquimbana","status":"publish","type":"post","link":"https:\/\/www.andacolloconectado.cl\/index.php\/artesanos-de-piedra-andacollita-representan-a-la-comuna-en-la-pampilla-coquimbana\/","title":{"rendered":"Artesanos de piedra  andacollita representan a la comuna  en la  Pampilla coquimbana"},"content":{"rendered":"<p>La fiesta dieciochera m\u00e1s grande de Chile, es sin duda la popular \u201cPampilla\u201d de Coquimbo que este a\u00f1o parti\u00f3 sus festejos el 15 de septiembre para finalizar oficialmente anoche con el lanzamiento de fuegos artificiales.<\/p>\n<p>En esta multitudinaria actividad destaca el espacio dedicado a las tradiciones chilenas como son la m\u00fasica, la cueca y las artesan\u00edas de las diversas regiones de nuestro pa\u00eds, desde el l\u00edmite norte hasta el extremo sur.<\/p>\n<p>Este a\u00f1o, nuevamente nuestra comuna estuvo representada por los artesanos de piedra andacollita, Leopoldo Urrutia, su esposa Nora D\u00edaz y su hija Tania. Esta es s\u00e9ptima vez que se instalan en los stands del \u201cRinc\u00f3n Chileno\u201d invitados por el Municipio porte\u00f1o para exponer sus trabajos.<\/p>\n<p>Esta familia ya lleva 25 a\u00f1os elaborando las m\u00e1s finas piezas con la \u201candacollita, que descubrieron en las cercan\u00edas de la comuna cuando a\u00fan viv\u00edan en la capital, una vez jubilado don Leopoldo vuelven a la regi\u00f3n para trabajar y mejorar la calidad de los productos que ofrecen actualmente en la Sala Museogr\u00e1fica Yahu\u00edn.<\/p>\n<p>Entre los productos decorativos destacan relojes murales, esculturas de animales (\u00e1guilas, elefantes, delfines, tortugas), llaveros, pir\u00e1mides, ceniceros; adem\u00e1s de rescatar elementos de la miner\u00eda tradicional como los trapiches y marays.<\/p>\n<p>En cuanto a la confecci\u00f3n de joyas elaboran aros, pulseras, colgantes y medallones, \u00e9stos \u00faltimos destacan porque se rescata el arte rupestre pues llevan en plata las figuras de los petroglifos que se han descubierto en sitios arqueol\u00f3gicos alrededor de Andacollo.<\/p>\n<p>Hay que destacar que en marzo de este a\u00f1o obtuvieron la menci\u00f3n en \u201cEmprendimiento Familiar\u201d en el Primer Concurso de emprendimiento organizado por la Fundaci\u00f3n Levantemos Chile y el Banco Chile desarrollado en Santiago, en el cual representaron no s\u00f3lo a la comuna sino tambi\u00e9n a la IV Regi\u00f3n.<\/p>\n","protected":false},"excerpt":{"rendered":"<p>La fiesta dieciochera m\u00e1s grande de Chile, es sin duda la popular \u201cPampilla\u201d de Coquimbo que este a\u00f1o parti\u00f3 sus festejos el 15 de septiembre para finalizar oficialmente anoche con el lanzamiento de fuegos artificiales. En esta multitudinaria actividad destaca el espacio dedicado a las tradiciones chilenas como son la m\u00fasica, la cueca y las [&hellip;]<\/p>\n","protected":false},"author":5,"featured_media":0,"comment_status":"open","ping_status":"open","sticky":false,"template":"","format":"standard","meta":{"_acf_changed":false,"footnotes":""},"categories":[4569],"tags":[1189,1188],"acf":[],"aioseo_notices":[],"_links":{"self":[{"href":"https:\/\/www.andacolloconectado.cl\/index.php\/wp-json\/wp\/v2\/posts\/4891"}],"collection":[{"href":"https:\/\/www.andacolloconectado.cl\/index.php\/wp-json\/wp\/v2\/posts"}],"about":[{"href":"https:\/\/www.andacolloconectado.cl\/index.php\/wp-json\/wp\/v2\/types\/post"}],"author":[{"embeddable":true,"href":"https:\/\/www.andacolloconectado.cl\/index.php\/wp-json\/wp\/v2\/users\/5"}],"replies":[{"embeddable":true,"href":"https:\/\/www.andacolloconectado.cl\/index.php\/wp-json\/wp\/v2\/comments?post=4891"}],"version-history":[{"count":1,"href":"https:\/\/www.andacolloconectado.cl\/index.php\/wp-json\/wp\/v2\/posts\/4891\/revisions"}],"predecessor-version":[{"id":4893,"href":"https:\/\/www.andacolloconectado.cl\/index.php\/wp-json\/wp\/v2\/posts\/4891\/revisions\/4893"}],"wp:attachment":[{"href":"https:\/\/www.andacolloconectado.cl\/index.php\/wp-json\/wp\/v2\/media?parent=4891"}],"wp:term":[{"taxonomy":"category","embeddable":true,"href":"https:\/\/www.andacolloconectado.cl\/index.php\/wp-json\/wp\/v2\/categories?post=4891"},{"taxonomy":"post_tag","embeddable":true,"href":"https:\/\/www.andacolloconectado.cl\/index.php\/wp-json\/wp\/v2\/tags?post=4891"}],"curies":[{"name":"wp","href":"https:\/\/api.w.org\/{rel}","templated":true}]}}