{"id":4894,"date":"2017-09-21T19:14:00","date_gmt":"2017-09-21T19:14:00","guid":{"rendered":"http:\/\/www.andacolloconectado.cl\/?p=4894"},"modified":"2017-09-21T19:14:00","modified_gmt":"2017-09-21T19:14:00","slug":"diversas-actividades-marcaron-las-celebraciones-patrias-en-andacollo","status":"publish","type":"post","link":"https:\/\/www.andacolloconectado.cl\/index.php\/diversas-actividades-marcaron-las-celebraciones-patrias-en-andacollo\/","title":{"rendered":"Diversas actividades marcaron las celebraciones Patrias en Andacollo"},"content":{"rendered":"<p>A partir del fin de semana se llevaron a cabo en nuestra comuna las Celebraciones de Fiestas Patrias 2017. Siendo los d\u00edas 18 y 19 de septiembre en los que se desarrollaron las actividades m\u00e1s concurridas por los vecinos.<\/p>\n<p>El d\u00eda lunes 18 parti\u00f3 a eso de las seis de la madrugada con la Diana por las calles de la Comuna Banda Humberto Escalante Rivera al son de las tradicionales marchas militares.<\/p>\n<p>Posteriormente, se efect\u00fao la misa de acci\u00f3n de Gracias en el Templo Parroquial, y el acto c\u00edvico con el desfile de honor en la Plaza Nolasco Videla, que cont\u00f3 con la participaci\u00f3n de los establecimientos escolares municipalizados, jardines infantiles, organizaciones sociales, asociaciones de Huasos, clubes de Adultos Mayores, el Club de motos y el Cuerpo de Bomberos.<\/p>\n<p>Por la tarde en los diferentes barrios de la comuna se realizaron los juegos populares como tirar la cuerda, pillar al gallo, carreras de ensacados, el palo encebado, etc; que congregaron a grandes y chicos para disfrutar en familia de un sano momento de esparcimiento.<\/p>\n<p>Durante el martes 19, las familias realizaron sus paseos al aire libre en los alrededores de la comuna, y en el Parque Oasis se desarroll\u00f3 la Pampilla que cont\u00f3 con un escenario donde se presentaron los Grupos Musicales \u201cLos Patas Negra\u201d, \u201cLos Ta\u00f1edores de la Cueca\u201d, \u201cLos cuatro de la Banda\u201d \u201cMagnetismo\u201d y \u201cLos Humildes de Mackenna\u201d.<\/p>\n","protected":false},"excerpt":{"rendered":"<p>A partir del fin de semana se llevaron a cabo en nuestra comuna las Celebraciones de Fiestas Patrias 2017. Siendo los d\u00edas 18 y 19 de septiembre en los que se desarrollaron las actividades m\u00e1s concurridas por los vecinos. El d\u00eda lunes 18 parti\u00f3 a eso de las seis de la madrugada con la Diana [&hellip;]<\/p>\n","protected":false},"author":5,"featured_media":0,"comment_status":"open","ping_status":"open","sticky":false,"template":"","format":"standard","meta":{"_acf_changed":false,"footnotes":""},"categories":[4569],"tags":[1190],"acf":[],"aioseo_notices":[],"_links":{"self":[{"href":"https:\/\/www.andacolloconectado.cl\/index.php\/wp-json\/wp\/v2\/posts\/4894"}],"collection":[{"href":"https:\/\/www.andacolloconectado.cl\/index.php\/wp-json\/wp\/v2\/posts"}],"about":[{"href":"https:\/\/www.andacolloconectado.cl\/index.php\/wp-json\/wp\/v2\/types\/post"}],"author":[{"embeddable":true,"href":"https:\/\/www.andacolloconectado.cl\/index.php\/wp-json\/wp\/v2\/users\/5"}],"replies":[{"embeddable":true,"href":"https:\/\/www.andacolloconectado.cl\/index.php\/wp-json\/wp\/v2\/comments?post=4894"}],"version-history":[{"count":2,"href":"https:\/\/www.andacolloconectado.cl\/index.php\/wp-json\/wp\/v2\/posts\/4894\/revisions"}],"predecessor-version":[{"id":4897,"href":"https:\/\/www.andacolloconectado.cl\/index.php\/wp-json\/wp\/v2\/posts\/4894\/revisions\/4897"}],"wp:attachment":[{"href":"https:\/\/www.andacolloconectado.cl\/index.php\/wp-json\/wp\/v2\/media?parent=4894"}],"wp:term":[{"taxonomy":"category","embeddable":true,"href":"https:\/\/www.andacolloconectado.cl\/index.php\/wp-json\/wp\/v2\/categories?post=4894"},{"taxonomy":"post_tag","embeddable":true,"href":"https:\/\/www.andacolloconectado.cl\/index.php\/wp-json\/wp\/v2\/tags?post=4894"}],"curies":[{"name":"wp","href":"https:\/\/api.w.org\/{rel}","templated":true}]}}