{"id":4899,"date":"2017-09-22T13:44:30","date_gmt":"2017-09-22T13:44:30","guid":{"rendered":"http:\/\/www.andacolloconectado.cl\/?p=4899"},"modified":"2017-09-22T13:44:30","modified_gmt":"2017-09-22T13:44:30","slug":"vecinos-de-chepiquilla-compartieron-una-tarde-de-chilenidad","status":"publish","type":"post","link":"https:\/\/www.andacolloconectado.cl\/index.php\/vecinos-de-chepiquilla-compartieron-una-tarde-de-chilenidad\/","title":{"rendered":"Vecinos de  Chepiquilla compartieron una  tarde de chilenidad"},"content":{"rendered":"<p>Una de las tradiciones m\u00e1s caracter\u00edsticas de nuestra comuna que se realiza todos los dieciochos de septiembre son los \u201cJuegos Populares\u201d en los diferentes barrios andacollinos, organizados por cada una de las juntas de vecinos.<\/p>\n<p>En Chepiquilla, la actividad que congreg\u00f3 a los habitantes del sector cont\u00f3 con la asistencia del Padre Eduardo Huerta, la Concejala Ximena Pizarro, Carabineros y los representantes de Teck Claudio Canut de Bon y Paulo Barraza, quienes compartieron con los participantes de los juegos como tirar la cuerda, pillar el gallo, carrera de ensacados.<\/p>\n<p>Tambi\u00e9n hubo espacio para la gastronom\u00eda t\u00edpica de estas fechas como son las empanadas y el mote con huesillo. Adem\u00e1s la fiesta estuvo amenizada por el conjunto andacollino Huaso Gonz\u00e1lez, quienes interpretaron cuecas y tonadas.<\/p>\n<p>La presidenta de la Junta de Vecinos de Chepiquilla, Carmen Jofr\u00e9 se\u00f1al\u00f3 su satisfacci\u00f3n por la afluencia de personas tanto del sector como de otros barrios de Andacollo, \u201chay mucha participaci\u00f3n de la gente, tambi\u00e9n de afuera y ojal\u00e1 que esto con el tiempo crezca y venga m\u00e1s gente a participar ac\u00e1 a disfrutar en familia\u201d, concluy\u00f3 la dirigente.<\/p>\n","protected":false},"excerpt":{"rendered":"<p>Una de las tradiciones m\u00e1s caracter\u00edsticas de nuestra comuna que se realiza todos los dieciochos de septiembre son los \u201cJuegos Populares\u201d en los diferentes barrios andacollinos, organizados por cada una de las juntas de vecinos. En Chepiquilla, la actividad que congreg\u00f3 a los habitantes del sector cont\u00f3 con la asistencia del Padre Eduardo Huerta, la [&hellip;]<\/p>\n","protected":false},"author":5,"featured_media":0,"comment_status":"open","ping_status":"open","sticky":false,"template":"","format":"standard","meta":{"_acf_changed":false,"footnotes":""},"categories":[4569],"tags":[926,1191],"acf":[],"aioseo_notices":[],"_links":{"self":[{"href":"https:\/\/www.andacolloconectado.cl\/index.php\/wp-json\/wp\/v2\/posts\/4899"}],"collection":[{"href":"https:\/\/www.andacolloconectado.cl\/index.php\/wp-json\/wp\/v2\/posts"}],"about":[{"href":"https:\/\/www.andacolloconectado.cl\/index.php\/wp-json\/wp\/v2\/types\/post"}],"author":[{"embeddable":true,"href":"https:\/\/www.andacolloconectado.cl\/index.php\/wp-json\/wp\/v2\/users\/5"}],"replies":[{"embeddable":true,"href":"https:\/\/www.andacolloconectado.cl\/index.php\/wp-json\/wp\/v2\/comments?post=4899"}],"version-history":[{"count":1,"href":"https:\/\/www.andacolloconectado.cl\/index.php\/wp-json\/wp\/v2\/posts\/4899\/revisions"}],"predecessor-version":[{"id":4901,"href":"https:\/\/www.andacolloconectado.cl\/index.php\/wp-json\/wp\/v2\/posts\/4899\/revisions\/4901"}],"wp:attachment":[{"href":"https:\/\/www.andacolloconectado.cl\/index.php\/wp-json\/wp\/v2\/media?parent=4899"}],"wp:term":[{"taxonomy":"category","embeddable":true,"href":"https:\/\/www.andacolloconectado.cl\/index.php\/wp-json\/wp\/v2\/categories?post=4899"},{"taxonomy":"post_tag","embeddable":true,"href":"https:\/\/www.andacolloconectado.cl\/index.php\/wp-json\/wp\/v2\/tags?post=4899"}],"curies":[{"name":"wp","href":"https:\/\/api.w.org\/{rel}","templated":true}]}}