{"id":4903,"date":"2017-09-22T19:53:30","date_gmt":"2017-09-22T19:53:30","guid":{"rendered":"http:\/\/www.andacolloconectado.cl\/?p=4903"},"modified":"2017-09-22T19:53:30","modified_gmt":"2017-09-22T19:53:30","slug":"guardia-del-santuario-invita-a-integrarse-como-voluntario-para-las-fiestas-religiosas","status":"publish","type":"post","link":"https:\/\/www.andacolloconectado.cl\/index.php\/guardia-del-santuario-invita-a-integrarse-como-voluntario-para-las-fiestas-religiosas\/","title":{"rendered":"Guardia del Santuario invita a integrarse como voluntario para las Fiestas Religiosas"},"content":{"rendered":"<p>La Guardia del Santuario de la Virgen de Andacollo es una agrupaci\u00f3n de voluntarios que ayudan en la realizaci\u00f3n de las Fiestas Religiosas de octubre y diciembre. Est\u00e1n encargados de custodiar la sagrada Imagen y prestan colaboraci\u00f3n en distintos aspectos a los miles de peregrinos que acuden en esas dos fechas para pagar sus mandas a la Chinita.<\/p>\n<p>Es as\u00ed como este a\u00f1o se ha dado la posibilidad para integrarse a esta agrupaci\u00f3n a los adultos y j\u00f3venes mayores de quince a\u00f1os, provenientes de otras ciudades.<\/p>\n<p>El coordinador general de la Guardia es Guillermo Ocaranza quien hace una invitaci\u00f3n a los devotos de la chinita para ser parte de la Guardia, para que participen y conozcan esta importante labor de voluntariado.<\/p>\n<p>Para atender las consultas y dudas de los interesados, est\u00e1n disponibles los celulares de cuatro coordinadores: Guillermo Ocaranza 9-56159530, Francisco Camus 9-95126681, V\u00edctor Morales 9-88958088 y Pedro Rojas 9-57992767.<br \/>\nEn la secretar\u00eda de la Parroquia tambi\u00e9n est\u00e1n abiertas las inscripciones y el tel\u00e9fono es el 512431525.<\/p>\n","protected":false},"excerpt":{"rendered":"<p>La Guardia del Santuario de la Virgen de Andacollo es una agrupaci\u00f3n de voluntarios que ayudan en la realizaci\u00f3n de las Fiestas Religiosas de octubre y diciembre. Est\u00e1n encargados de custodiar la sagrada Imagen y prestan colaboraci\u00f3n en distintos aspectos a los miles de peregrinos que acuden en esas dos fechas para pagar sus mandas [&hellip;]<\/p>\n","protected":false},"author":5,"featured_media":0,"comment_status":"open","ping_status":"open","sticky":false,"template":"","format":"standard","meta":{"_acf_changed":false,"footnotes":""},"categories":[4569],"tags":[1192,786],"acf":[],"aioseo_notices":[],"_links":{"self":[{"href":"https:\/\/www.andacolloconectado.cl\/index.php\/wp-json\/wp\/v2\/posts\/4903"}],"collection":[{"href":"https:\/\/www.andacolloconectado.cl\/index.php\/wp-json\/wp\/v2\/posts"}],"about":[{"href":"https:\/\/www.andacolloconectado.cl\/index.php\/wp-json\/wp\/v2\/types\/post"}],"author":[{"embeddable":true,"href":"https:\/\/www.andacolloconectado.cl\/index.php\/wp-json\/wp\/v2\/users\/5"}],"replies":[{"embeddable":true,"href":"https:\/\/www.andacolloconectado.cl\/index.php\/wp-json\/wp\/v2\/comments?post=4903"}],"version-history":[{"count":1,"href":"https:\/\/www.andacolloconectado.cl\/index.php\/wp-json\/wp\/v2\/posts\/4903\/revisions"}],"predecessor-version":[{"id":4905,"href":"https:\/\/www.andacolloconectado.cl\/index.php\/wp-json\/wp\/v2\/posts\/4903\/revisions\/4905"}],"wp:attachment":[{"href":"https:\/\/www.andacolloconectado.cl\/index.php\/wp-json\/wp\/v2\/media?parent=4903"}],"wp:term":[{"taxonomy":"category","embeddable":true,"href":"https:\/\/www.andacolloconectado.cl\/index.php\/wp-json\/wp\/v2\/categories?post=4903"},{"taxonomy":"post_tag","embeddable":true,"href":"https:\/\/www.andacolloconectado.cl\/index.php\/wp-json\/wp\/v2\/tags?post=4903"}],"curies":[{"name":"wp","href":"https:\/\/api.w.org\/{rel}","templated":true}]}}