{"id":4906,"date":"2017-09-25T14:21:21","date_gmt":"2017-09-25T14:21:21","guid":{"rendered":"http:\/\/www.andacolloconectado.cl\/?p=4906"},"modified":"2017-09-25T14:21:21","modified_gmt":"2017-09-25T14:21:21","slug":"contratistas-andacollinos-firman-un-acuerdo-de-trabajo","status":"publish","type":"post","link":"https:\/\/www.andacolloconectado.cl\/index.php\/contratistas-andacollinos-firman-un-acuerdo-de-trabajo\/","title":{"rendered":"Contratistas  andacollinos  firman un acuerdo de trabajo"},"content":{"rendered":"<p>El jueves 21 de septiembre en las dependencias de la Asociaci\u00f3n Minera de Andacollo se efect\u00fao un encuentro entre los integrantes de la Asociaci\u00f3n de Contratistas andacollinos y Teck CDA para firmar un acuerdo que guiar\u00e1 las relaciones de trabajo entre ambas organizaciones.<\/p>\n<p>La finalidad de este convenio es establecer par\u00e1metros tanto para Teck como para los contratistas de Andacollo, en el momento de ejecutar una prestaci\u00f3n ya sea de servicios o de sumistro de productos; siendo una gu\u00eda para las actuales empresas colaboradoras de la Compa\u00f1\u00eda y para las que vendr\u00e1n.<\/p>\n<p>Danilo Gonz\u00e1lez, Presidente de la Asociaci\u00f3n de Contratistas andacollinos se\u00f1al\u00f3 que est\u00e1n muy satisfechos porque se logr\u00f3 firmar un documento que formaliza los logros alcanzados de manera verbal. Adem\u00e1s para que \u201cla propia comunidad sepa cuales son las ventajas que tenemos de ser andacollinos para prestar nuestro servicios en la compa\u00f1\u00eda\u201d.<\/p>\n<p>Tambi\u00e9n la vice presidenta de esta agrupaci\u00f3n, \u00c1ngela Guerra destac\u00f3 el hecho de que a trav\u00e9s de las empresas locales se contrata mano de obra andacollina, lo que ayuda al surgimiento de la comuna en general; adem\u00e1s se demuestra que hay capacidad para lograr los est\u00e1ndares de trabajo que Teck exige a todas sus empresas colaboradoras.<\/p>\n<p>Por su parte, Manuel Novoa, Gerente de Teck, indic\u00f3 que esta fue una oportunidad para ratificar las confianzas a trav\u00e9s de un vinculo estrat\u00e9gico con la Asociaci\u00f3n de contratistas andacollinos, pues \u201cpienso que la alianza que tenemos con nuestros proveedores locales es s\u00faper buena y potente que habla bien del relacionamiento entre la comunidad v\u00eda sus contratistas locales.<\/p>\n<p>Tambi\u00e9n manifestar que nosotros organizaci\u00f3n tenemos un tremendo compromiso con Andacollo como comunidad y vamos a seguir trabajando juntos para ir incorporando a la mayor cantidad de personas\u201d, concluy\u00f3 el ejecutivo.<\/p>\n<p>Finalmente, otro aspecto destacado por Novoa, es ver que hay empresas andacollinas que han crecido a trav\u00e9s de los a\u00f1os, porque han tenido la capacidad para responder de la mejor manera a las oportunidades que se les brind\u00f3, lo que les ha permitido expandir sus servicios mineros m\u00e1s all\u00e1 de nuestra comuna.<\/p>\n","protected":false},"excerpt":{"rendered":"<p>El jueves 21 de septiembre en las dependencias de la Asociaci\u00f3n Minera de Andacollo se efect\u00fao un encuentro entre los integrantes de la Asociaci\u00f3n de Contratistas andacollinos y Teck CDA para firmar un acuerdo que guiar\u00e1 las relaciones de trabajo entre ambas organizaciones. La finalidad de este convenio es establecer par\u00e1metros tanto para Teck como [&hellip;]<\/p>\n","protected":false},"author":5,"featured_media":0,"comment_status":"open","ping_status":"open","sticky":false,"template":"","format":"standard","meta":{"_acf_changed":false,"footnotes":""},"categories":[4569],"tags":[1193,1140],"acf":[],"aioseo_notices":[],"_links":{"self":[{"href":"https:\/\/www.andacolloconectado.cl\/index.php\/wp-json\/wp\/v2\/posts\/4906"}],"collection":[{"href":"https:\/\/www.andacolloconectado.cl\/index.php\/wp-json\/wp\/v2\/posts"}],"about":[{"href":"https:\/\/www.andacolloconectado.cl\/index.php\/wp-json\/wp\/v2\/types\/post"}],"author":[{"embeddable":true,"href":"https:\/\/www.andacolloconectado.cl\/index.php\/wp-json\/wp\/v2\/users\/5"}],"replies":[{"embeddable":true,"href":"https:\/\/www.andacolloconectado.cl\/index.php\/wp-json\/wp\/v2\/comments?post=4906"}],"version-history":[{"count":1,"href":"https:\/\/www.andacolloconectado.cl\/index.php\/wp-json\/wp\/v2\/posts\/4906\/revisions"}],"predecessor-version":[{"id":4908,"href":"https:\/\/www.andacolloconectado.cl\/index.php\/wp-json\/wp\/v2\/posts\/4906\/revisions\/4908"}],"wp:attachment":[{"href":"https:\/\/www.andacolloconectado.cl\/index.php\/wp-json\/wp\/v2\/media?parent=4906"}],"wp:term":[{"taxonomy":"category","embeddable":true,"href":"https:\/\/www.andacolloconectado.cl\/index.php\/wp-json\/wp\/v2\/categories?post=4906"},{"taxonomy":"post_tag","embeddable":true,"href":"https:\/\/www.andacolloconectado.cl\/index.php\/wp-json\/wp\/v2\/tags?post=4906"}],"curies":[{"name":"wp","href":"https:\/\/api.w.org\/{rel}","templated":true}]}}