{"id":4915,"date":"2017-09-26T20:07:31","date_gmt":"2017-09-26T20:07:31","guid":{"rendered":"http:\/\/www.andacolloconectado.cl\/?p=4915"},"modified":"2017-09-26T20:08:29","modified_gmt":"2017-09-26T20:08:29","slug":"caminamos-con-maria-la-madre-del-redentor-es-el-tema-de-la-novena-para-la-fiesta-chica-2017","status":"publish","type":"post","link":"https:\/\/www.andacolloconectado.cl\/index.php\/caminamos-con-maria-la-madre-del-redentor-es-el-tema-de-la-novena-para-la-fiesta-chica-2017\/","title":{"rendered":"\u201cCaminamos  con Mar\u00eda, la Madre del  Redentor\u201d es el tema de la novena para la Fiesta Chica 2017"},"content":{"rendered":"<p>El viernes pasado comenz\u00f3 la tradicional novena preparatoria para la Fiesta Chica a las 19:00 horas, que este a\u00f1o lleva por lema \u201cCaminamos con Mar\u00eda, la Madre del Redentor\u201d y que est\u00e1 a cargo sacerdote diocesano Juan Rivera Aracena, p\u00e1rroco de la iglesia San Luis Gonzaga de Coquimbo.<\/p>\n<p>El padre Juan participa en las Fiestas Religiosas desde hace muchos a\u00f1os, cuando inici\u00f3 su preparaci\u00f3n para la vida consagrada en el Seminario Mayor Santo Cura de Ars, perteneciente a la Arquidi\u00f3cesis de La Serena.<\/p>\n<p>En su \u00e9poca de estudiante pudo prestar distintos servicios pastorales en las actividades lit\u00fargicas que se llevan a cabo durante estas Fiestas, especialmente aquellas que son solicitadas por los fieles devotos de la Virgen del Rosario de Andacollo.<\/p>\n<p>Este a\u00f1o el tema de la novena \u201cbusca poner a Mar\u00eda como centro, para mostrarnos como nos acompa\u00f1a a nosotros como Iglesia peregrina, pero desde una experiencia con el Se\u00f1or.<\/p>\n<p>Tambi\u00e9n como nosotros podemos contemplarla a ella como ejemplo de esa fe, que ella persever\u00f3 a\u00fan despu\u00e9s de la cruz, pero que tambi\u00e9n para nosotros es fortaleza, de poder intercesor para poder llegar a Jes\u00fas y as\u00ed conocer a Dios\u201d, se\u00f1ala el padre Juan.<\/p>\n<p>Vivir esta Fiesta Chica como predicador tiene un significado muy especial para \u00e9l, pues nos dice que \u201ces una bendici\u00f3n ser part\u00edcipe de este acontecimiento para poder llevar la palabra de Dios a los miles de peregrinos que vienen a este Santuario.<\/p>\n<p>Tambi\u00e9n para m\u00ed es un enriquecimiento espiritual, un encuentro con el Se\u00f1or distinto porque hay que preparar las predicas de cada una de las celebraciones e implica ese crecimiento en la parte sacerdotal, en la parte personal y de Fe de esta vivencia a trav\u00e9s de Mar\u00eda de Andacollo\u201d.<\/p>\n","protected":false},"excerpt":{"rendered":"<p>El viernes pasado comenz\u00f3 la tradicional novena preparatoria para la Fiesta Chica a las 19:00 horas, que este a\u00f1o lleva por lema \u201cCaminamos con Mar\u00eda, la Madre del Redentor\u201d y que est\u00e1 a cargo sacerdote diocesano Juan Rivera Aracena, p\u00e1rroco de la iglesia San Luis Gonzaga de Coquimbo. El padre Juan participa en las Fiestas [&hellip;]<\/p>\n","protected":false},"author":5,"featured_media":0,"comment_status":"open","ping_status":"open","sticky":false,"template":"","format":"standard","meta":{"_acf_changed":false,"footnotes":""},"categories":[4569],"tags":[1195],"acf":[],"aioseo_notices":[],"_links":{"self":[{"href":"https:\/\/www.andacolloconectado.cl\/index.php\/wp-json\/wp\/v2\/posts\/4915"}],"collection":[{"href":"https:\/\/www.andacolloconectado.cl\/index.php\/wp-json\/wp\/v2\/posts"}],"about":[{"href":"https:\/\/www.andacolloconectado.cl\/index.php\/wp-json\/wp\/v2\/types\/post"}],"author":[{"embeddable":true,"href":"https:\/\/www.andacolloconectado.cl\/index.php\/wp-json\/wp\/v2\/users\/5"}],"replies":[{"embeddable":true,"href":"https:\/\/www.andacolloconectado.cl\/index.php\/wp-json\/wp\/v2\/comments?post=4915"}],"version-history":[{"count":1,"href":"https:\/\/www.andacolloconectado.cl\/index.php\/wp-json\/wp\/v2\/posts\/4915\/revisions"}],"predecessor-version":[{"id":4917,"href":"https:\/\/www.andacolloconectado.cl\/index.php\/wp-json\/wp\/v2\/posts\/4915\/revisions\/4917"}],"wp:attachment":[{"href":"https:\/\/www.andacolloconectado.cl\/index.php\/wp-json\/wp\/v2\/media?parent=4915"}],"wp:term":[{"taxonomy":"category","embeddable":true,"href":"https:\/\/www.andacolloconectado.cl\/index.php\/wp-json\/wp\/v2\/categories?post=4915"},{"taxonomy":"post_tag","embeddable":true,"href":"https:\/\/www.andacolloconectado.cl\/index.php\/wp-json\/wp\/v2\/tags?post=4915"}],"curies":[{"name":"wp","href":"https:\/\/api.w.org\/{rel}","templated":true}]}}