{"id":4920,"date":"2017-09-27T14:39:24","date_gmt":"2017-09-27T14:39:24","guid":{"rendered":"http:\/\/www.andacolloconectado.cl\/?p=4920"},"modified":"2017-09-27T14:39:24","modified_gmt":"2017-09-27T14:39:24","slug":"municipio-coordina-diversos-aspectos-para-este-fin-de-semana","status":"publish","type":"post","link":"https:\/\/www.andacolloconectado.cl\/index.php\/municipio-coordina-diversos-aspectos-para-este-fin-de-semana\/","title":{"rendered":"Municipio coordina diversos aspectos para este fin de semana"},"content":{"rendered":"<p>Los diferentes departamentos municipales ya se encuentran ultimando los detalles log\u00edsticos para la realizaci\u00f3n de la tradicional Fiesta Chica, pues recibir a los miles de devotos que llegan a nuestras comuna implica un esfuerzo de todos los trabajadores de la casa edilicia andacollina.<\/p>\n<p>A partir de hoy, y luego de la adquisici\u00f3n por internet de los sitios para los comerciantes empadronados, comenz\u00f3 el proceso de venta de los puestos que est\u00e1n disponibles, a partir de las 9 de la ma\u00f1ana y que se extender\u00e1 hasta el s\u00e1bado al mediod\u00eda en la Municipalidad.<\/p>\n<p>El administrador municipal, Wilson N\u00fa\u00f1ez, explic\u00f3 que se espera, como a\u00f1os anteriores, no tener inconvenientes con el funcionamiento del comercio establecido.<\/p>\n<p>Pero se \u201cdan situaciones con el comercio ambulante que vienen a trabajar sin tener un modulo establecido, que cada a\u00f1o crece en gran cantidad y ellos presionan por trabajar en zonas de evacuaci\u00f3n, o zonas de los Bailes Religiosos, en la Plaza en el sector de las Iglesias\u201d, esta problem\u00e1tica se aborda en conjunto en cada Fiesta para permitir que trabajen, porque se hace un esfuerzo por comprender y apoyar a todos quienes vienen por un tema laboral.<\/p>\n<p>La feria libre se adelantar\u00e1 para el viernes en su ubicaci\u00f3n habitual de Beltr\u00e1n Amen\u00e1bar, posteriormente a partir de las 18 horas los comerciantes podr\u00e1n comenzar a armar sus puestos en dicha calle y en Urmeneta, donde funcionar\u00e1n hasta las 12 de la noche del lunes 2 de octubre.<\/p>\n<p>Las modificaciones y cierre de calles dentro de la comuna se har\u00e1n efectivas el viernes a partir de las 14:00 horas, cuando los funcionarios comiencen a realizar los trabajos correspondientes, esperando que todo vuelva a la normalidad el martes 3 de octubre al mediod\u00eda.<\/p>\n<p>En cuanto a la seguridad, Wilson N\u00fa\u00f1ez indic\u00f3 que el d\u00eda jueves por la tarde llega un primer contingente de 70 efectivos, y el viernes se espera un segundo grupo de 70 carabineros, que resguardar\u00e1n la seguridad de la comuna hasta el lunes.<\/p>\n<p>Adem\u00e1s, se contar\u00e1 con personal de carretera en los sectores de El Pe\u00f1\u00f3n y El Manzano, para agilizar el tr\u00e1nsito y prevenir accidentes dada la alta circulaci\u00f3n que se espera durante el fin de semana.<\/p>\n<p>Finalmente, el circuito de recorrido vehicular dentro de la comuna, es el mismo que los a\u00f1os anteriores contemplando las calles de El Salitre hacia Caupolic\u00e1n, continuando por el sector Matadero hacia el bypass de El Sauce, para ingresar al camino de El Curque subiendo por Sixto Valdivia hasta Casuto para salir por calle Los Carreras hasta el sector Copec.<\/p>\n","protected":false},"excerpt":{"rendered":"<p>Los diferentes departamentos municipales ya se encuentran ultimando los detalles log\u00edsticos para la realizaci\u00f3n de la tradicional Fiesta Chica, pues recibir a los miles de devotos que llegan a nuestras comuna implica un esfuerzo de todos los trabajadores de la casa edilicia andacollina. A partir de hoy, y luego de la adquisici\u00f3n por internet de [&hellip;]<\/p>\n","protected":false},"author":5,"featured_media":0,"comment_status":"open","ping_status":"open","sticky":false,"template":"","format":"standard","meta":{"_acf_changed":false,"footnotes":""},"categories":[4569],"tags":[1196],"acf":[],"aioseo_notices":[],"_links":{"self":[{"href":"https:\/\/www.andacolloconectado.cl\/index.php\/wp-json\/wp\/v2\/posts\/4920"}],"collection":[{"href":"https:\/\/www.andacolloconectado.cl\/index.php\/wp-json\/wp\/v2\/posts"}],"about":[{"href":"https:\/\/www.andacolloconectado.cl\/index.php\/wp-json\/wp\/v2\/types\/post"}],"author":[{"embeddable":true,"href":"https:\/\/www.andacolloconectado.cl\/index.php\/wp-json\/wp\/v2\/users\/5"}],"replies":[{"embeddable":true,"href":"https:\/\/www.andacolloconectado.cl\/index.php\/wp-json\/wp\/v2\/comments?post=4920"}],"version-history":[{"count":1,"href":"https:\/\/www.andacolloconectado.cl\/index.php\/wp-json\/wp\/v2\/posts\/4920\/revisions"}],"predecessor-version":[{"id":4922,"href":"https:\/\/www.andacolloconectado.cl\/index.php\/wp-json\/wp\/v2\/posts\/4920\/revisions\/4922"}],"wp:attachment":[{"href":"https:\/\/www.andacolloconectado.cl\/index.php\/wp-json\/wp\/v2\/media?parent=4920"}],"wp:term":[{"taxonomy":"category","embeddable":true,"href":"https:\/\/www.andacolloconectado.cl\/index.php\/wp-json\/wp\/v2\/categories?post=4920"},{"taxonomy":"post_tag","embeddable":true,"href":"https:\/\/www.andacolloconectado.cl\/index.php\/wp-json\/wp\/v2\/tags?post=4920"}],"curies":[{"name":"wp","href":"https:\/\/api.w.org\/{rel}","templated":true}]}}