{"id":4942,"date":"2017-09-29T20:36:37","date_gmt":"2017-09-29T20:36:37","guid":{"rendered":"http:\/\/www.andacolloconectado.cl\/?p=4942"},"modified":"2017-09-29T20:36:37","modified_gmt":"2017-09-29T20:36:37","slug":"escuela-p-lynch-realiza-por-duodecimo-ano-el-festival-los-ninos-cantan-a-la-patria","status":"publish","type":"post","link":"https:\/\/www.andacolloconectado.cl\/index.php\/escuela-p-lynch-realiza-por-duodecimo-ano-el-festival-los-ninos-cantan-a-la-patria\/","title":{"rendered":"Escuela P.Lynch realiza por duod\u00e9cimo a\u00f1o el Festival \u201cLos Ni\u00f1os cantan a la Patria\u201d"},"content":{"rendered":"<p>Ayer en dependencias del establecimiento educacional ubicado en la localidad de Nueva Churrumata, se desarroll\u00f3 la duod\u00e9cima versi\u00f3n del Festival del cantar folcl\u00f3rico \u201cLos Ni\u00f1os cantan a la Patria\u201d.<\/p>\n<p>Con esta actividad, que ya es toda una tradici\u00f3n del Colegio Patricio Lynch, se dan por finalizadas las celebraciones de septiembre, donde se destacan las diferentes tradiciones de nuestro pa\u00eds e igualmente de la comuna.<\/p>\n<p>Para su realizaci\u00f3n se cuenta con el apoyo de padres y profesores para las diferentes presentaciones art\u00edsticas de los cursos. Participan en la competencia un alumno o alumna por curso, que interpreta alguna canci\u00f3n tradicional de nuestro folclor.<\/p>\n<p>Este a\u00f1o result\u00f3 ganadora Andrea Mart\u00ednez, alumna de 7\u00b0 b\u00e1sico, quien cant\u00f3 el tema \u201cEsa chiquilla que baila\u201d, la joven se manifest\u00f3 muy contenta de haber obtenido por cuarta vez el primer lugar. Para ella es muy importante participar porque es la oportunidad para que todos estudiantes demuestren sus talentos a la comunidad educativa.<\/p>\n<p>En la ocasi\u00f3n se hizo presente el Concejal Cesar Rojas que se\u00f1al\u00f3 que se sorprendi\u00f3 gratamente \u201cporque fue un espect\u00e1culo muy bonito donde participaron los apoderados y los profesores, adem\u00e1s se lucieron todos los estudiantes del establecimiento, por eso yo felicito a todos los j\u00f3venes de la Escuela Patricio Lynch\u201d, concluy\u00f3 la autoridad municipal.<\/p>\n","protected":false},"excerpt":{"rendered":"<p>Ayer en dependencias del establecimiento educacional ubicado en la localidad de Nueva Churrumata, se desarroll\u00f3 la duod\u00e9cima versi\u00f3n del Festival del cantar folcl\u00f3rico \u201cLos Ni\u00f1os cantan a la Patria\u201d. Con esta actividad, que ya es toda una tradici\u00f3n del Colegio Patricio Lynch, se dan por finalizadas las celebraciones de septiembre, donde se destacan las diferentes [&hellip;]<\/p>\n","protected":false},"author":5,"featured_media":0,"comment_status":"open","ping_status":"open","sticky":false,"template":"","format":"standard","meta":{"_acf_changed":false,"footnotes":""},"categories":[4569],"tags":[407],"acf":[],"aioseo_notices":[],"_links":{"self":[{"href":"https:\/\/www.andacolloconectado.cl\/index.php\/wp-json\/wp\/v2\/posts\/4942"}],"collection":[{"href":"https:\/\/www.andacolloconectado.cl\/index.php\/wp-json\/wp\/v2\/posts"}],"about":[{"href":"https:\/\/www.andacolloconectado.cl\/index.php\/wp-json\/wp\/v2\/types\/post"}],"author":[{"embeddable":true,"href":"https:\/\/www.andacolloconectado.cl\/index.php\/wp-json\/wp\/v2\/users\/5"}],"replies":[{"embeddable":true,"href":"https:\/\/www.andacolloconectado.cl\/index.php\/wp-json\/wp\/v2\/comments?post=4942"}],"version-history":[{"count":1,"href":"https:\/\/www.andacolloconectado.cl\/index.php\/wp-json\/wp\/v2\/posts\/4942\/revisions"}],"predecessor-version":[{"id":4944,"href":"https:\/\/www.andacolloconectado.cl\/index.php\/wp-json\/wp\/v2\/posts\/4942\/revisions\/4944"}],"wp:attachment":[{"href":"https:\/\/www.andacolloconectado.cl\/index.php\/wp-json\/wp\/v2\/media?parent=4942"}],"wp:term":[{"taxonomy":"category","embeddable":true,"href":"https:\/\/www.andacolloconectado.cl\/index.php\/wp-json\/wp\/v2\/categories?post=4942"},{"taxonomy":"post_tag","embeddable":true,"href":"https:\/\/www.andacolloconectado.cl\/index.php\/wp-json\/wp\/v2\/tags?post=4942"}],"curies":[{"name":"wp","href":"https:\/\/api.w.org\/{rel}","templated":true}]}}