{"id":4956,"date":"2017-10-02T13:39:44","date_gmt":"2017-10-02T13:39:44","guid":{"rendered":"http:\/\/www.andacolloconectado.cl\/?p=4956"},"modified":"2017-10-02T13:39:44","modified_gmt":"2017-10-02T13:39:44","slug":"osvaldo-mondaca-con-su-fe-inquebrantable-ha-sido-andero-por-40-anos","status":"publish","type":"post","link":"https:\/\/www.andacolloconectado.cl\/index.php\/osvaldo-mondaca-con-su-fe-inquebrantable-ha-sido-andero-por-40-anos\/","title":{"rendered":"Osvaldo Mondaca con su fe inquebrantable ha  sido andero por 40 a\u00f1os"},"content":{"rendered":"<p>Hace 40 a\u00f1os en cada Fiesta Religiosa, ya sea en octubre o diciembre, ha destacado la figura de un hombre andacollino, don Osvaldo Mondaca, quien como andero de la Virgen es uno de los tantos que llega a cumplir su promesa para cargarla en los traslados y procesiones.<\/p>\n<p>Anoche, en el \u00faltimo d\u00eda de Novena don Osvaldo fue reconocido por esta labor que ha cumplido de manera ininterrumpida por cuatro d\u00e9cadas, desde los 25 a\u00f1os. Se emociona al relatarnos c\u00f3mo naci\u00f3 esta promesa de por vida, que fue hecha cuando su hijo Carlos que ten\u00eda un a\u00f1o y medio de vida enferm\u00f3 gravemente.<\/p>\n<p>Dice \u201ccorr\u00ed desde la cancha de Casuto hasta el cementerio, all\u00ed me ayud\u00f3 el maestro Yoyo quien me llev\u00f3 en auto al hospital. Estaba el doctor Jacob, quien me dijo que si me demoraba 5 minutos mi hijo se mor\u00eda. Despu\u00e9s me fui a Iglesia y llorando le promet\u00ed acarrearla toda la vida\u201d.<\/p>\n<p>Don Osvaldo nunca ha faltado a ninguna Fiesta, llega antes de las 8 de la ma\u00f1ana para guardar su lugar en el Anda, en cada faena que ha trabajado, incluso fuera de la regi\u00f3n, pide permiso para cumplir con su Chinita.<\/p>\n<p>El a\u00f1o pasado, en agosto enferm\u00f3 gravemente de una infecci\u00f3n pulmonar que lo tuvo hospitalizado por m\u00e1s de 15 d\u00edas conectado a ox\u00edgeno, al tercer d\u00eda los doctores le dieron un diagn\u00f3stico desfavorable. Fue ah\u00ed, que le pidi\u00f3 a la Virgen otra oportunidad para poder seguir sirvi\u00e9ndole \u201cle dije Chinita, tengo carg\u00e1ndote 40 a\u00f1os, dame otra oportunidad para seguir carg\u00e1ndote y ah\u00ed empec\u00e9 a tirar pa arriba.<\/p>\n<p>En la Fiesta Chica del a\u00f1o pasado la cargue igual; estaba mal, pero di la vuelta y ahora estoy mejor gracias a la mejor medicina que es la Fe\u201d, concluye muy emocionado.<\/p>\n","protected":false},"excerpt":{"rendered":"<p>Hace 40 a\u00f1os en cada Fiesta Religiosa, ya sea en octubre o diciembre, ha destacado la figura de un hombre andacollino, don Osvaldo Mondaca, quien como andero de la Virgen es uno de los tantos que llega a cumplir su promesa para cargarla en los traslados y procesiones. Anoche, en el \u00faltimo d\u00eda de Novena [&hellip;]<\/p>\n","protected":false},"author":5,"featured_media":0,"comment_status":"open","ping_status":"open","sticky":false,"template":"","format":"standard","meta":{"_acf_changed":false,"footnotes":""},"categories":[4569],"tags":[1199],"acf":[],"aioseo_notices":[],"_links":{"self":[{"href":"https:\/\/www.andacolloconectado.cl\/index.php\/wp-json\/wp\/v2\/posts\/4956"}],"collection":[{"href":"https:\/\/www.andacolloconectado.cl\/index.php\/wp-json\/wp\/v2\/posts"}],"about":[{"href":"https:\/\/www.andacolloconectado.cl\/index.php\/wp-json\/wp\/v2\/types\/post"}],"author":[{"embeddable":true,"href":"https:\/\/www.andacolloconectado.cl\/index.php\/wp-json\/wp\/v2\/users\/5"}],"replies":[{"embeddable":true,"href":"https:\/\/www.andacolloconectado.cl\/index.php\/wp-json\/wp\/v2\/comments?post=4956"}],"version-history":[{"count":1,"href":"https:\/\/www.andacolloconectado.cl\/index.php\/wp-json\/wp\/v2\/posts\/4956\/revisions"}],"predecessor-version":[{"id":4958,"href":"https:\/\/www.andacolloconectado.cl\/index.php\/wp-json\/wp\/v2\/posts\/4956\/revisions\/4958"}],"wp:attachment":[{"href":"https:\/\/www.andacolloconectado.cl\/index.php\/wp-json\/wp\/v2\/media?parent=4956"}],"wp:term":[{"taxonomy":"category","embeddable":true,"href":"https:\/\/www.andacolloconectado.cl\/index.php\/wp-json\/wp\/v2\/categories?post=4956"},{"taxonomy":"post_tag","embeddable":true,"href":"https:\/\/www.andacolloconectado.cl\/index.php\/wp-json\/wp\/v2\/tags?post=4956"}],"curies":[{"name":"wp","href":"https:\/\/api.w.org\/{rel}","templated":true}]}}