{"id":4960,"date":"2017-10-02T13:56:36","date_gmt":"2017-10-02T13:56:36","guid":{"rendered":"http:\/\/www.andacolloconectado.cl\/?p=4960"},"modified":"2017-10-02T13:56:36","modified_gmt":"2017-10-02T13:56:36","slug":"miles-de-peregrinos-subieron-a-la-montana-para-honrar-a-la-chinita","status":"publish","type":"post","link":"https:\/\/www.andacolloconectado.cl\/index.php\/miles-de-peregrinos-subieron-a-la-montana-para-honrar-a-la-chinita\/","title":{"rendered":"Miles de peregrinos subieron a la monta\u00f1a para honrar a la Chinita"},"content":{"rendered":"<p>Una vez m\u00e1s y como cada primer domingo de octubre a la comuna minera llegaron miles de fieles a cumplir sus promesas a la milagrosa Virgen del Rosario de Andacollo.<\/p>\n<p>Todo parti\u00f3 el s\u00e1bado con el traslado de la Imagen desde el templo parroquial a la Bas\u00edlica. Donde permaneci\u00f3 todo el d\u00eda de ayer para recibir la devoci\u00f3n de los peregrinos llegados desde distintos lugares del pa\u00eds y del extranjero.<\/p>\n<p>Un momento muy solemne y especial fue la celebraci\u00f3n de la Eucarist\u00eda principal presidida por Monse\u00f1or Ren\u00e9 rebolledo, Arzobispo de La Serena, que cont\u00f3 con la asistencia de autoridades comunales y regionales.<\/p>\n<p>La cual fue dedicada al pueblo mexicano y a las v\u00edctimas de los terremotos de septiembre, \u201chemos sentido esta gran necesidad de acompa\u00f1ar a nuestro hermanos mexicanos por la dificultad grande que est\u00e1n pasando, por el terremoto hemos querido estar cerca de los que perdieron a un ser querido, hemos orado para que las familias pronto puedan ver restablecidos sus hogares\u201d se\u00f1al\u00f3 el Obispo.<\/p>\n<p>El Padre Eduardo Huerta, indic\u00f3 que entre los Santuarios de Andacollo y M\u00e9xico hay una gran hermandad, pues \u201cel Santuario de Guadalupe es para el norte lo que Andacollo es para el sur del mundo.<\/p>\n<p>Justamente se eligi\u00f3 el 26 de diciembre para la Fiesta Grande de Andacollo, porque es una de las efem\u00e9rides m\u00e1s importantes relativas a la tilma de Juan Diego, entonces estamos unidos profundamente a ellos en la oraci\u00f3n y el afecto\u201d<\/p>\n<p>Alrededor de las 13 horas, una vez concluida la misa el Anda de la Virgen fue llevada al atrio de la Bas\u00edlica, lugar donde las Cofrad\u00edas de Bailes se presentaron con sus danzas ante la sagrada Imagen.<\/p>\n<p>Por la tarde se realiz\u00f3 la multitudinaria procesi\u00f3n por las calles aleda\u00f1as a la Plaza acompa\u00f1ada por sacerdotes, Bailes Religiosos y peregrinos, para luego volver a su lugar tradicional en el altar del templo parroquial donde la Chinita permanecer\u00e1 hasta la Fiesta Grande de diciembre.<\/p>\n","protected":false},"excerpt":{"rendered":"<p>Una vez m\u00e1s y como cada primer domingo de octubre a la comuna minera llegaron miles de fieles a cumplir sus promesas a la milagrosa Virgen del Rosario de Andacollo. Todo parti\u00f3 el s\u00e1bado con el traslado de la Imagen desde el templo parroquial a la Bas\u00edlica. Donde permaneci\u00f3 todo el d\u00eda de ayer para [&hellip;]<\/p>\n","protected":false},"author":5,"featured_media":0,"comment_status":"open","ping_status":"open","sticky":false,"template":"","format":"standard","meta":{"_acf_changed":false,"footnotes":""},"categories":[4569],"tags":[469,1202],"acf":[],"aioseo_notices":[],"_links":{"self":[{"href":"https:\/\/www.andacolloconectado.cl\/index.php\/wp-json\/wp\/v2\/posts\/4960"}],"collection":[{"href":"https:\/\/www.andacolloconectado.cl\/index.php\/wp-json\/wp\/v2\/posts"}],"about":[{"href":"https:\/\/www.andacolloconectado.cl\/index.php\/wp-json\/wp\/v2\/types\/post"}],"author":[{"embeddable":true,"href":"https:\/\/www.andacolloconectado.cl\/index.php\/wp-json\/wp\/v2\/users\/5"}],"replies":[{"embeddable":true,"href":"https:\/\/www.andacolloconectado.cl\/index.php\/wp-json\/wp\/v2\/comments?post=4960"}],"version-history":[{"count":1,"href":"https:\/\/www.andacolloconectado.cl\/index.php\/wp-json\/wp\/v2\/posts\/4960\/revisions"}],"predecessor-version":[{"id":4962,"href":"https:\/\/www.andacolloconectado.cl\/index.php\/wp-json\/wp\/v2\/posts\/4960\/revisions\/4962"}],"wp:attachment":[{"href":"https:\/\/www.andacolloconectado.cl\/index.php\/wp-json\/wp\/v2\/media?parent=4960"}],"wp:term":[{"taxonomy":"category","embeddable":true,"href":"https:\/\/www.andacolloconectado.cl\/index.php\/wp-json\/wp\/v2\/categories?post=4960"},{"taxonomy":"post_tag","embeddable":true,"href":"https:\/\/www.andacolloconectado.cl\/index.php\/wp-json\/wp\/v2\/tags?post=4960"}],"curies":[{"name":"wp","href":"https:\/\/api.w.org\/{rel}","templated":true}]}}