{"id":4964,"date":"2017-10-03T14:46:17","date_gmt":"2017-10-03T14:46:17","guid":{"rendered":"http:\/\/www.andacolloconectado.cl\/?p=4964"},"modified":"2017-10-03T14:46:17","modified_gmt":"2017-10-03T14:46:17","slug":"andacollo-recicla-yo-me-sumo-continua-con-el-proceso-de-clasificacion-de-material-recolectado-el-fin-de-semana","status":"publish","type":"post","link":"https:\/\/www.andacolloconectado.cl\/index.php\/andacollo-recicla-yo-me-sumo-continua-con-el-proceso-de-clasificacion-de-material-recolectado-el-fin-de-semana\/","title":{"rendered":"\u201cAndacollo recicla, Yo me sumo\u201d, contin\u00faa con el proceso de clasificaci\u00f3n de material recolectado  el  fin de semana"},"content":{"rendered":"<p>Durante la reciente Fiesta Chica nuevamente la Uni\u00f3n Comunal de Juntas de Vecinos (UCJV) impuls\u00f3 por cuarto a\u00f1o la campa\u00f1a medioambiental, con el slogan \u201cLa Fiesta m\u00e1s limpia de Chile\u201d, iniciativa apoyada por la Municipalidad de Andacollo y Teck CDA.<\/p>\n<p>El s\u00e1bado y domingo, d\u00edas de mayor afluencia de peregrinos la campa\u00f1a se centr\u00f3 en recolectar sus deshechos reciclables como botellas de pl\u00e1sticos, latas y vidrio. Adem\u00e1s los monitores les explicaban brevemente porque es importante el cuidado medioambiental.<\/p>\n<p>La coordinadora de la Campa\u00f1a es la andacollina Ximena Cort\u00e9s, quien nos comenta que la recepci\u00f3n de parte de los visitantes fue positiva, porque los peregrinos se acercaron a los puntos de reciclaje ubicados en el Parque El Peregrino, Plaza Videla y Costanera.<\/p>\n<p>Desde ayer y hasta hoy, el trabajo se centra en acopiar los deshechos reutilizables que dejan los comerciantes, especialmente aceite y cartones. Todo lo que se traslada al Punto Limpio del sector Copec, lugar en el que se va separando, por ejemplo por colores y sacando las tapas de las botellas.<\/p>\n<p>Este a\u00f1o se quiso hacer hincapi\u00e9 en logar que nuestra Fiesta sea la \u201cM\u00e1s Limpia de Chile\u201d; teniendo en consideraci\u00f3n el cierre del vertedero local, por lo que cobra relevancia recuperar la mayor cantidad de materiales reciclables.<\/p>\n<p>Otro factor muy importante es la generaci\u00f3n de empleos para los vecinos, en su mayor\u00eda jefas de hogar y estudiantes, pues como monitores se contrataron alrededor de cincuenta personas para desarrollar distintas labores.<\/p>\n<p>Mar\u00eda Bahamondes, quien trabaj\u00f3 por primera vez en esta campa\u00f1a de reciclaje, se\u00f1al\u00f3 que \u201cme gusta mucho hasta el momento, porque es entretenido y as\u00ed uno ayuda a mejorar el ambiente ac\u00e1 en Andacollo, me siento orgullosa de apoyar al pueblo en este reciclaje\u201d.<\/p>\n","protected":false},"excerpt":{"rendered":"<p>Durante la reciente Fiesta Chica nuevamente la Uni\u00f3n Comunal de Juntas de Vecinos (UCJV) impuls\u00f3 por cuarto a\u00f1o la campa\u00f1a medioambiental, con el slogan \u201cLa Fiesta m\u00e1s limpia de Chile\u201d, iniciativa apoyada por la Municipalidad de Andacollo y Teck CDA. El s\u00e1bado y domingo, d\u00edas de mayor afluencia de peregrinos la campa\u00f1a se centr\u00f3 en [&hellip;]<\/p>\n","protected":false},"author":5,"featured_media":0,"comment_status":"open","ping_status":"open","sticky":false,"template":"","format":"standard","meta":{"_acf_changed":false,"footnotes":""},"categories":[4569],"tags":[1203,1140],"acf":[],"aioseo_notices":[],"_links":{"self":[{"href":"https:\/\/www.andacolloconectado.cl\/index.php\/wp-json\/wp\/v2\/posts\/4964"}],"collection":[{"href":"https:\/\/www.andacolloconectado.cl\/index.php\/wp-json\/wp\/v2\/posts"}],"about":[{"href":"https:\/\/www.andacolloconectado.cl\/index.php\/wp-json\/wp\/v2\/types\/post"}],"author":[{"embeddable":true,"href":"https:\/\/www.andacolloconectado.cl\/index.php\/wp-json\/wp\/v2\/users\/5"}],"replies":[{"embeddable":true,"href":"https:\/\/www.andacolloconectado.cl\/index.php\/wp-json\/wp\/v2\/comments?post=4964"}],"version-history":[{"count":1,"href":"https:\/\/www.andacolloconectado.cl\/index.php\/wp-json\/wp\/v2\/posts\/4964\/revisions"}],"predecessor-version":[{"id":4966,"href":"https:\/\/www.andacolloconectado.cl\/index.php\/wp-json\/wp\/v2\/posts\/4964\/revisions\/4966"}],"wp:attachment":[{"href":"https:\/\/www.andacolloconectado.cl\/index.php\/wp-json\/wp\/v2\/media?parent=4964"}],"wp:term":[{"taxonomy":"category","embeddable":true,"href":"https:\/\/www.andacolloconectado.cl\/index.php\/wp-json\/wp\/v2\/categories?post=4964"},{"taxonomy":"post_tag","embeddable":true,"href":"https:\/\/www.andacolloconectado.cl\/index.php\/wp-json\/wp\/v2\/tags?post=4964"}],"curies":[{"name":"wp","href":"https:\/\/api.w.org\/{rel}","templated":true}]}}