{"id":4967,"date":"2017-10-03T20:09:29","date_gmt":"2017-10-03T20:09:29","guid":{"rendered":"http:\/\/www.andacolloconectado.cl\/?p=4967"},"modified":"2017-10-03T20:22:54","modified_gmt":"2017-10-03T20:22:54","slug":"alumnos-del-liceo-participaran-en-feria-vocacional-impartida-por-la-uls","status":"publish","type":"post","link":"https:\/\/www.andacolloconectado.cl\/index.php\/alumnos-del-liceo-participaran-en-feria-vocacional-impartida-por-la-uls\/","title":{"rendered":"Alumnos del Liceo participar\u00e1n en Feria vocacional impartida por la ULS"},"content":{"rendered":"<p>Ma\u00f1ana mi\u00e9rcoles 4 de octubre los estudiantes de 3\u00b0 y 4\u00b0 medio del Liceo Pedro Regalado Videla Ordenes, participar\u00e1n en una Feria Vocacional que se desarrollar\u00e1 en el marco del Programa de Acompa\u00f1amiento y Acceso Efectivo <a href=\"https:\/\/pace.mineduc.cl\/\" target=\"_blank\">(PACE) <\/a>a la educaci\u00f3n superior.<\/p>\n<p>Esta Feria impartida por la Universidad de La Serena <a href=\"http:\/\/www.userena.cl\/\" target=\"_blank\">(ULS),<\/a> es una de las actividades que se realizan para orientar y apoyar a los alumnos que est\u00e1n en la etapa de postular e ingresar a la Universidad.<\/p>\n<p>Otras de las estrategias usadas en este establecimiento andacollino son las indirectas que tienen relaci\u00f3n con el entorno familiar del alumno. La psic\u00f3loga Barbara Mej\u00edas, encargada del \u00e1rea psicosocial del PACE ULS nos comenta que el objetivo \u201ces involucrar a la familia en el proceso de construcci\u00f3n de un proyecto de vida de los estudiantes con los cuales trabajamos y encontrar una metodolog\u00eda para lograr ese involucramiento\u201d.<\/p>\n<p>De esta manera se buscaron estrategias novedosas para comunicarse con los padres o apoderados por medio del env\u00edo de v\u00eddeos, c\u00e1psulas de audio, afiches, d\u00edpticos y cartas para que accedieran al mensaje sin la necesidad de que asistan al Liceo, logrando as\u00ed involucrarlos en la tem\u00e1tica de habilidades socioemocionales y para conocer sus expectativas relativas a la educaci\u00f3n de sus hijos.<\/p>\n<p>Hay que se\u00f1alar que el PACE es un programa estatal, lanzado oficialmente en el a\u00f1o 2014, cuyo objetivo es restituir el derecho a la educaci\u00f3n superior a estudiantes de sectores vulnerables, garantiz\u00e1ndoles un cupo en la educaci\u00f3n superior.<\/p>\n<p>Para poder cumplir con este desaf\u00edo se preparar\u00e1 a los estudiantes durante la Educaci\u00f3n Media y se les acompa\u00f1ar\u00e1 posteriormente al Acceso a la Educaci\u00f3n Superior, con una etapa de nivelaci\u00f3n para que puedan mantenerse en el sistema y lograr su titulaci\u00f3n.<\/p>\n","protected":false},"excerpt":{"rendered":"<p>Ma\u00f1ana mi\u00e9rcoles 4 de octubre los estudiantes de 3\u00b0 y 4\u00b0 medio del Liceo Pedro Regalado Videla Ordenes, participar\u00e1n en una Feria Vocacional que se desarrollar\u00e1 en el marco del Programa de Acompa\u00f1amiento y Acceso Efectivo (PACE) a la educaci\u00f3n superior. Esta Feria impartida por la Universidad de La Serena (ULS), es una de las [&hellip;]<\/p>\n","protected":false},"author":5,"featured_media":0,"comment_status":"open","ping_status":"open","sticky":false,"template":"","format":"standard","meta":{"_acf_changed":false,"footnotes":""},"categories":[4569],"tags":[1204],"acf":[],"aioseo_notices":[],"_links":{"self":[{"href":"https:\/\/www.andacolloconectado.cl\/index.php\/wp-json\/wp\/v2\/posts\/4967"}],"collection":[{"href":"https:\/\/www.andacolloconectado.cl\/index.php\/wp-json\/wp\/v2\/posts"}],"about":[{"href":"https:\/\/www.andacolloconectado.cl\/index.php\/wp-json\/wp\/v2\/types\/post"}],"author":[{"embeddable":true,"href":"https:\/\/www.andacolloconectado.cl\/index.php\/wp-json\/wp\/v2\/users\/5"}],"replies":[{"embeddable":true,"href":"https:\/\/www.andacolloconectado.cl\/index.php\/wp-json\/wp\/v2\/comments?post=4967"}],"version-history":[{"count":4,"href":"https:\/\/www.andacolloconectado.cl\/index.php\/wp-json\/wp\/v2\/posts\/4967\/revisions"}],"predecessor-version":[{"id":4972,"href":"https:\/\/www.andacolloconectado.cl\/index.php\/wp-json\/wp\/v2\/posts\/4967\/revisions\/4972"}],"wp:attachment":[{"href":"https:\/\/www.andacolloconectado.cl\/index.php\/wp-json\/wp\/v2\/media?parent=4967"}],"wp:term":[{"taxonomy":"category","embeddable":true,"href":"https:\/\/www.andacolloconectado.cl\/index.php\/wp-json\/wp\/v2\/categories?post=4967"},{"taxonomy":"post_tag","embeddable":true,"href":"https:\/\/www.andacolloconectado.cl\/index.php\/wp-json\/wp\/v2\/tags?post=4967"}],"curies":[{"name":"wp","href":"https:\/\/api.w.org\/{rel}","templated":true}]}}