{"id":4974,"date":"2017-10-04T14:12:11","date_gmt":"2017-10-04T14:12:11","guid":{"rendered":"http:\/\/www.andacolloconectado.cl\/?p=4974"},"modified":"2017-10-04T14:13:33","modified_gmt":"2017-10-04T14:13:33","slug":"cuadrangular-final-del-campeonato-sub-15-se-disputara-en-andacollo","status":"publish","type":"post","link":"https:\/\/www.andacolloconectado.cl\/index.php\/cuadrangular-final-del-campeonato-sub-15-se-disputara-en-andacollo\/","title":{"rendered":"Cuadrangular final del campeonato sub 15 se disputar\u00e1 en Andacollo"},"content":{"rendered":"<p align=\"JUSTIFY\"><span style=\"font-family: Arial, serif;\"><span style=\"font-size: medium;\">Este fin de semana se realizar\u00e1 en el Estadio Municipal de nuestra comuna el cuadrangular para definir al equipo ganador del campeonato Sub 15 entre los representantes de Coquimbo, Vicu\u00f1a, Salamanca y Andacollo. <\/span><\/span><\/p>\n<p align=\"JUSTIFY\"><span style=\"font-family: Arial, serif;\"><span style=\"font-size: medium;\">El d\u00eda s\u00e1bado 7 de octubre a las 16.30 hrs. se enfrentar\u00e1n Vicu\u00f1a con Coquimbo, posteriormente a las 18 hrs. jugar\u00e1 Andacollo versus Salamanca, los ganadores de estos encuentros disputaran el domingo a las 18 hrs. la Copa que los consagrar\u00e1 como campeones regionales de la serie Sub 15.<\/span><\/span><\/p>\n<p align=\"JUSTIFY\"><span style=\"font-family: Arial, serif;\"><span style=\"font-size: medium;\">Para lograr que Andacollo fuera elegido como sede, los dirigentes del futbol comunal trabajaron arduamente para presentar una propuesta atractiva a la ANFA (Asociaci\u00f3n Nacional de Futbol Amateur) regional. <\/span><\/span><\/p>\n<p align=\"JUSTIFY\"><span style=\"font-family: Arial, serif;\"><span style=\"font-size: medium;\">El presidente de la Asociaci\u00f3n de F\u00fatbol Andacollina, Javier Vicencio se\u00f1ala que este actividad ser\u00e1 muy importante para la comuna tanto en lo futbol\u00edstico como en lo tur\u00edstico, pues se calcula que llegaran alrededor de 70 personas por delegaci\u00f3n, adem\u00e1s de los hinchas que arribaran para apoyar a sus respectivos equipos.<\/span><\/span><\/p>\n<p align=\"JUSTIFY\"><span style=\"font-family: Arial, serif;\"><span style=\"font-size: medium;\">Otro aspecto ha considerar es que \u201ceste cuadrangular a nivel regional va a traer muchas cosas para Andacollo, como por ejemplo que va a venir mucha gente del futbol profesional a ver estos chicos que van a jugar, m\u00e1s de alguno podr\u00eda irse a un equipo de la capital a un equipo profesional y ojala que Andacollo se quede con el titulo\u201d, concluye el dirigente.<\/span><\/span><\/p>\n<p align=\"JUSTIFY\"><span style=\"font-family: Arial, serif;\"><span style=\"font-size: medium;\">Vicencio, destaca que la cooperaci\u00f3n y apoyo de diferentes organizaciones fue clave para que Andacollo ganara esta sede. Es as\u00ed como, la red Tierra de Astros puso a disposici\u00f3n sus hospeder\u00edas y las visitas a los sitios de inter\u00e9s tur\u00edstico de la comuna como son las Iglesias, Museo y Observatorio. Compa\u00f1\u00eda Teck CDA facilitar\u00e1 los buses para el traslado de las delegaciones, el Municipio que apoyar\u00e1 en la ceremonia de inauguraci\u00f3n y Carabineros que estar\u00e1n resguardando la seguridad en el Estadio.<\/span><\/span><\/p>\n<p align=\"JUSTIFY\"><span style=\"font-family: Arial, serif;\"><span style=\"font-size: medium;\">Finalmente, hay que se\u00f1alar que la venta de entradas comenz\u00f3 ayer en las dependencias del Estadio en los siguientes horarios de 10 a 13 horas, y por la tarde de 15 a 18 horas.<\/span><\/span><\/p>\n","protected":false},"excerpt":{"rendered":"<p>Este fin de semana se realizar\u00e1 en el Estadio Municipal de nuestra comuna el cuadrangular para definir al equipo ganador del campeonato Sub 15 entre los representantes de Coquimbo, Vicu\u00f1a, Salamanca y Andacollo. El d\u00eda s\u00e1bado 7 de octubre a las 16.30 hrs. se enfrentar\u00e1n Vicu\u00f1a con Coquimbo, posteriormente a las 18 hrs. jugar\u00e1 Andacollo [&hellip;]<\/p>\n","protected":false},"author":3,"featured_media":0,"comment_status":"open","ping_status":"open","sticky":false,"template":"","format":"standard","meta":{"_acf_changed":false,"footnotes":""},"categories":[4569],"tags":[1205],"acf":[],"aioseo_notices":[],"_links":{"self":[{"href":"https:\/\/www.andacolloconectado.cl\/index.php\/wp-json\/wp\/v2\/posts\/4974"}],"collection":[{"href":"https:\/\/www.andacolloconectado.cl\/index.php\/wp-json\/wp\/v2\/posts"}],"about":[{"href":"https:\/\/www.andacolloconectado.cl\/index.php\/wp-json\/wp\/v2\/types\/post"}],"author":[{"embeddable":true,"href":"https:\/\/www.andacolloconectado.cl\/index.php\/wp-json\/wp\/v2\/users\/3"}],"replies":[{"embeddable":true,"href":"https:\/\/www.andacolloconectado.cl\/index.php\/wp-json\/wp\/v2\/comments?post=4974"}],"version-history":[{"count":3,"href":"https:\/\/www.andacolloconectado.cl\/index.php\/wp-json\/wp\/v2\/posts\/4974\/revisions"}],"predecessor-version":[{"id":4978,"href":"https:\/\/www.andacolloconectado.cl\/index.php\/wp-json\/wp\/v2\/posts\/4974\/revisions\/4978"}],"wp:attachment":[{"href":"https:\/\/www.andacolloconectado.cl\/index.php\/wp-json\/wp\/v2\/media?parent=4974"}],"wp:term":[{"taxonomy":"category","embeddable":true,"href":"https:\/\/www.andacolloconectado.cl\/index.php\/wp-json\/wp\/v2\/categories?post=4974"},{"taxonomy":"post_tag","embeddable":true,"href":"https:\/\/www.andacolloconectado.cl\/index.php\/wp-json\/wp\/v2\/tags?post=4974"}],"curies":[{"name":"wp","href":"https:\/\/api.w.org\/{rel}","templated":true}]}}