{"id":4983,"date":"2017-10-05T13:17:40","date_gmt":"2017-10-05T13:17:40","guid":{"rendered":"http:\/\/www.andacolloconectado.cl\/?p=4983"},"modified":"2017-10-05T13:22:14","modified_gmt":"2017-10-05T13:22:14","slug":"municipio-da-inicio-a-andacollo-se-viste-de-violeta","status":"publish","type":"post","link":"https:\/\/www.andacolloconectado.cl\/index.php\/municipio-da-inicio-a-andacollo-se-viste-de-violeta\/","title":{"rendered":"Municipio da inicio a \u201cAndacollo se viste de Violeta\u201d"},"content":{"rendered":"<p>Ayer 4 de octubre, con una exposici\u00f3n en el frontis de la Biblioteca \u201cCirujano Videla\u201d de nuestra comuna el Municipio andacollino dio inicio a las actividades art\u00edstico culturales \u201cAndacollo se viste Violeta\u201d que durante todo el mes de octubre se desarrollar\u00e1n para conmemorar el natalicio de la folclorista Violeta Parra.<\/p>\n<p>Esta actividad contempl\u00f3 la exposici\u00f3n de los diferentes trabajos hechos por el grupo \u201cAmigas de Violeta Parra\u201d, quienes se reunieron durante todo el a\u00f1o en la Biblioteca para realizar trabajos inspirados en la cantautora, adem\u00e1s de ir conociendo m\u00e1s de su vida y de sus otras facetas art\u00edsticas como pintora, escultora, bordadora y ceramista.<\/p>\n<p>La muestra cont\u00f3 con cuadros confeccionados con lana en arpilleras, pintados en tela, de papel mach\u00e9 y creaciones literarias, realizados por este grupo de mujeres andacollinas de diversas edades que compartieron sus inquietudes art\u00edsticas en torno a la figura de Violeta.<\/p>\n<p>En este acto conmemorativo del centenario del natalicio de la artista, tambi\u00e9n participaron los int\u00e9rpretes locales \u00c1lvaro Vega y Ximena Urrutia, quien cant\u00f3 varios de los temas de Violeta Parra.<\/p>\n<p>Las actividades programadas y organizadas por el Departamento de Cultura del Municipio para el resto del mes son:<\/p>\n<p><strong>5 de octubre :<\/strong> Danza entre Mar y Cordillera, en el Gimnasio Municipal a las 18:00 horas.<\/p>\n<p><strong>6\u00a0 de octubre:<\/strong> Violeta para los Ni\u00f1os, en la Plaza Nolasco Videla a las 10:00 horas.<\/p>\n<p><strong>11 de octubre:<\/strong>\u00a0 Exposici\u00f3n Violeta en L\u00edneas, Casa del Encuentro Ciudadano a las 12:00 horas.<\/p>\n<p><strong>18\u00a0octubre: <\/strong>Intervenci\u00f3n Urbana, Paseo semi peatonal Urmeneta, a las 8:00 horas.<\/p>\n<p><b><strong>18\u00a0octubre:<\/strong>\u00a0<\/b>Violeta en t\u00edteres y marionetas, Casa del Encuentro Ciudadano a las 10:00 horas.<\/p>\n<p><strong>19\u00a0octubre:<\/strong> Cine: Violeta se fue a los Cielos, Casas tuteladas a las 18:00 horas.<\/p>\n<p><b>\u00a0<strong>19\u00a0octubre:<\/strong>\u00a0 \u00a0<\/b>Violeta a Una sola Voz, Casa del encuentro Ciudadano a las 21:00 horas.<\/p>\n<p><strong>20<\/strong>\u00a0<strong>octubre:\u00a0<\/strong> Violeta en tu Barrio, Escuela Nta. Sra. del Rosario a las 12:00 horas.<\/p>\n<p><strong>20<\/strong>\u00a0<strong>octubre:\u00a0<\/strong>\u00a0 \u00a0Cine: La Ni\u00f1a Violeta, Biblioteca, a las 15:00 horas.<\/p>\n<p><strong>21\u00a0octubre:\u00a0<\/strong> Homenaje Sinf\u00f3nico a Violeta, Casa del Encuentro Ciudadano a las 20:30 horas.<\/p>\n<p><strong>25\u00a0octubre:<\/strong> Festival \u201cVioleta una Canci\u00f3n, Paseo semi peatonal Urmeneta a las 20:00 horas.<\/p>\n<p><strong>26<\/strong>\u00a0<strong>octubre:<\/strong> Festival \u201cVioleta una Canci\u00f3n, Paseo semi peatonal Urmeneta a las 20:00 horas.<\/p>\n<p><strong>28<\/strong>\u00a0<strong>octubre:\u00a0<\/strong> Homenaje art\u00edstico a Violeta, Paseo semipeatonal Urmeneta a las 20:00 horas.<\/p>\n","protected":false},"excerpt":{"rendered":"<p>Ayer 4 de octubre, con una exposici\u00f3n en el frontis de la Biblioteca \u201cCirujano Videla\u201d de nuestra comuna el Municipio andacollino dio inicio a las actividades art\u00edstico culturales \u201cAndacollo se viste Violeta\u201d que durante todo el mes de octubre se desarrollar\u00e1n para conmemorar el natalicio de la folclorista Violeta Parra. Esta actividad contempl\u00f3 la exposici\u00f3n [&hellip;]<\/p>\n","protected":false},"author":5,"featured_media":0,"comment_status":"open","ping_status":"open","sticky":false,"template":"","format":"standard","meta":{"_acf_changed":false,"footnotes":""},"categories":[4569],"tags":[],"acf":[],"aioseo_notices":[],"_links":{"self":[{"href":"https:\/\/www.andacolloconectado.cl\/index.php\/wp-json\/wp\/v2\/posts\/4983"}],"collection":[{"href":"https:\/\/www.andacolloconectado.cl\/index.php\/wp-json\/wp\/v2\/posts"}],"about":[{"href":"https:\/\/www.andacolloconectado.cl\/index.php\/wp-json\/wp\/v2\/types\/post"}],"author":[{"embeddable":true,"href":"https:\/\/www.andacolloconectado.cl\/index.php\/wp-json\/wp\/v2\/users\/5"}],"replies":[{"embeddable":true,"href":"https:\/\/www.andacolloconectado.cl\/index.php\/wp-json\/wp\/v2\/comments?post=4983"}],"version-history":[{"count":4,"href":"https:\/\/www.andacolloconectado.cl\/index.php\/wp-json\/wp\/v2\/posts\/4983\/revisions"}],"predecessor-version":[{"id":4988,"href":"https:\/\/www.andacolloconectado.cl\/index.php\/wp-json\/wp\/v2\/posts\/4983\/revisions\/4988"}],"wp:attachment":[{"href":"https:\/\/www.andacolloconectado.cl\/index.php\/wp-json\/wp\/v2\/media?parent=4983"}],"wp:term":[{"taxonomy":"category","embeddable":true,"href":"https:\/\/www.andacolloconectado.cl\/index.php\/wp-json\/wp\/v2\/categories?post=4983"},{"taxonomy":"post_tag","embeddable":true,"href":"https:\/\/www.andacolloconectado.cl\/index.php\/wp-json\/wp\/v2\/tags?post=4983"}],"curies":[{"name":"wp","href":"https:\/\/api.w.org\/{rel}","templated":true}]}}