{"id":4991,"date":"2017-10-10T12:33:59","date_gmt":"2017-10-10T12:33:59","guid":{"rendered":"http:\/\/www.andacolloconectado.cl\/?p=4991"},"modified":"2017-10-10T13:29:23","modified_gmt":"2017-10-10T13:29:23","slug":"se-inician-celebraciones-para-los-adultos-mayores-de-la-comuna","status":"publish","type":"post","link":"https:\/\/www.andacolloconectado.cl\/index.php\/se-inician-celebraciones-para-los-adultos-mayores-de-la-comuna\/","title":{"rendered":"Se inician celebraciones para los  Adultos Mayores de la comuna"},"content":{"rendered":"<p>El jueves por la tarde en la Casa del Encuentro Ciudadano, se realiz\u00f3 el acto que da comienzo al mes del Adulto Mayor, en la ocasi\u00f3n estuvieron presentes autoridades encabezadas por el Alcalde, Concejales e integrantes del Consejo Regional.<\/p>\n<p>Como todos los a\u00f1os tambi\u00e9n se realiz\u00f3 una misa en el Templo Parroquial para agradecer y pedir la protecci\u00f3n de la Chinita para cada uno de los adultos mayores andacollinos, quienes son los forjadores de nuestro pueblo y de sus familias.<\/p>\n<p>El Alcalde Juan Carlos Alfaro, se\u00f1al\u00f3 que durante el mes de octubre se desarrollar\u00e1n varias actividades culturales y recreativas para que asistan todos los adultos mayores. Adem\u00e1s, resalt\u00f3 que la confecci\u00f3n del programa responde a sus intereses para que de esta manera consensuada se pueda lograr el mayor n\u00famero de participaci\u00f3n.<\/p>\n<p>Por su parte, la presidenta de la Uni\u00f3n Comunal de Adultos Mayores (UCAM), la se\u00f1ora Mirsa Quintana, comenta que \u201ces una actividad muy buena, porque podemos salir de la casa para hacer algo distinto, se hace una vez al a\u00f1o y nos viene muy bien.<\/p>\n<p>Ojal\u00e1 las personas se motiven y vengan porque van a estar muy bonitas las actividades, que participen tanto de los clubes y tambi\u00e9n las personas que no est\u00e1n en los clubes todos los adultos mayores est\u00e1n invitados\u201d, concluy\u00f3 la dirigente social.<\/p>\n<p>La programaci\u00f3n para las pr\u00f3ximas semanas es la siguiente:<\/p>\n<p><strong>11 de octubre:\u00a0<\/strong> Cine del Recuerdo Sal\u00f3n Auditorio 15:30 horas<br \/>\n<strong>12 de octubre:\u00a0<\/strong> Gran Mateada Musical, Campeonato de Domin\u00f3, con artistas locales, 15: 00 horas, parque El Peregrino.<br \/>\n<strong>13 de octubre:\u00a0<\/strong> Cine del Recuerdo, Sal\u00f3n Auditorio, 15:30 horas.<br \/>\n<strong>16 de octubre:\u00a0<\/strong>Cine del Recuerdo, Sal\u00f3n Auditorio, 15:30 horas.<br \/>\n<strong>18 de octubre:\u00a0<\/strong> Cine del Recuerdo, Sal\u00f3n Auditorio, 15:30 horas.<br \/>\n<strong>20 de octubre:\u00a0<\/strong> Gran Bingo Bailable, celebraci\u00f3n Cumplea\u00f1os Adultos Mayores, 15: 00 horas.<\/p>\n","protected":false},"excerpt":{"rendered":"<p>El jueves por la tarde en la Casa del Encuentro Ciudadano, se realiz\u00f3 el acto que da comienzo al mes del Adulto Mayor, en la ocasi\u00f3n estuvieron presentes autoridades encabezadas por el Alcalde, Concejales e integrantes del Consejo Regional. Como todos los a\u00f1os tambi\u00e9n se realiz\u00f3 una misa en el Templo Parroquial para agradecer y [&hellip;]<\/p>\n","protected":false},"author":5,"featured_media":0,"comment_status":"open","ping_status":"open","sticky":false,"template":"","format":"standard","meta":{"_acf_changed":false,"footnotes":""},"categories":[4569],"tags":[79],"acf":[],"aioseo_notices":[],"_links":{"self":[{"href":"https:\/\/www.andacolloconectado.cl\/index.php\/wp-json\/wp\/v2\/posts\/4991"}],"collection":[{"href":"https:\/\/www.andacolloconectado.cl\/index.php\/wp-json\/wp\/v2\/posts"}],"about":[{"href":"https:\/\/www.andacolloconectado.cl\/index.php\/wp-json\/wp\/v2\/types\/post"}],"author":[{"embeddable":true,"href":"https:\/\/www.andacolloconectado.cl\/index.php\/wp-json\/wp\/v2\/users\/5"}],"replies":[{"embeddable":true,"href":"https:\/\/www.andacolloconectado.cl\/index.php\/wp-json\/wp\/v2\/comments?post=4991"}],"version-history":[{"count":2,"href":"https:\/\/www.andacolloconectado.cl\/index.php\/wp-json\/wp\/v2\/posts\/4991\/revisions"}],"predecessor-version":[{"id":4998,"href":"https:\/\/www.andacolloconectado.cl\/index.php\/wp-json\/wp\/v2\/posts\/4991\/revisions\/4998"}],"wp:attachment":[{"href":"https:\/\/www.andacolloconectado.cl\/index.php\/wp-json\/wp\/v2\/media?parent=4991"}],"wp:term":[{"taxonomy":"category","embeddable":true,"href":"https:\/\/www.andacolloconectado.cl\/index.php\/wp-json\/wp\/v2\/categories?post=4991"},{"taxonomy":"post_tag","embeddable":true,"href":"https:\/\/www.andacolloconectado.cl\/index.php\/wp-json\/wp\/v2\/tags?post=4991"}],"curies":[{"name":"wp","href":"https:\/\/api.w.org\/{rel}","templated":true}]}}