{"id":4995,"date":"2017-10-10T13:26:24","date_gmt":"2017-10-10T13:26:24","guid":{"rendered":"http:\/\/www.andacolloconectado.cl\/?p=4995"},"modified":"2017-10-10T14:26:02","modified_gmt":"2017-10-10T14:26:02","slug":"liceo-pedro-regalado-videla-realizo-jornada-vocacional-para-sus-alumnos","status":"publish","type":"post","link":"https:\/\/www.andacolloconectado.cl\/index.php\/liceo-pedro-regalado-videla-realizo-jornada-vocacional-para-sus-alumnos\/","title":{"rendered":"Liceo Pedro Regalado Videla  realiz\u00f3 Jornada Vocacional para sus alumnos"},"content":{"rendered":"<p>En dependencias del Liceo municipal Pedro Regalado Videla Ordenes (PRVO) se efect\u00fao\u00a0 una jornada acad\u00e9mica cultural marcada por la realizaci\u00f3n de una Feria Vocacional, en la cual participaron diversas organizaciones que entregaron informaci\u00f3n respecto a las carreras profesionales, adem\u00e1s de otros datos pr\u00e1cticos como becas, malla curricular, n\u00famero de semestres, etc.<\/p>\n<p>Esta actividad se enmarca dentro del apoyo del Programa de Acompa\u00f1amiento y Acceso Efectivo (PACE) a la educaci\u00f3n superior, que realiza la Universidad de La Serena en dicho centro educativo.<\/p>\n<p>Para la directora del Liceo PRVO, Mar\u00eda Lorena Araya estas instancias que se desarrollan con el Programa PACE son muy importantes, especialmente con el apoyo que entregan los profesionales encargados a los estudiantes, profesores y apoderados. \u201cEl programa PACE permite que nuestros estudiantes comiencen desde 3\u00b0 medio a desarrollar su proyecto de vida y tambi\u00e9n a vislumbrar los estudios o profesi\u00f3n que ellos quieran\u201d, explic\u00f3 la docente.<\/p>\n<p>Destaca que el a\u00f1o pasado se realiz\u00f3 el primer ingreso de alumnos del Programa PACE a la Universidad y que ha sido muy exitoso, pues \u201ces una alternativa s\u00faper buena porque nos permite orientar m\u00e1s a los estudiantes de manera de llevarles m\u00e1s informaci\u00f3n con respecto a las habilidades que necesitan para ingresar y permanecer en la carrera que elijan\u201d.<\/p>\n<p>Por su parte, Mar\u00eda Irene Cort\u00e9s, coordinadora PACE de la Seremi de Educaci\u00f3n se\u00f1al\u00f3 que estas actividades son las oportunidades que tienen todos los estudiantes del Liceo PRVO para \u201cconocer con m\u00e1s profundidad lo que es programa PACE, y lo m\u00e1s importantes es destacar que es una ocasi\u00f3n que no s\u00f3lo los estudiantes de 3\u00b0y 4\u00b0 que est\u00e1n siendo acompa\u00f1ados pueden conocer, sino el resto de la comunidad educativa\u201d.<\/p>\n<p>Finalmente, el estudiante andacollino, Germ\u00e1n Cort\u00e9s dijo que el Programa PACE lo ha ayudado bastante ya que le ha permitido \u201ctener una idea clara de lo que quiere estudiar, gracias a los talleres y personas que nos ayudan con la coordinaci\u00f3n nos han aclarado un poco m\u00e1s las dudas en el proceso de postulaci\u00f3n.<\/p>\n<p>Esta feria ha sido bastante buena porque hab\u00edan distintos m\u00f3dulos de las universidades y los chicos de las diferentes carreras que nos explicaban la cantidad de semestres y puntaje\u201d.<\/p>\n","protected":false},"excerpt":{"rendered":"<p>En dependencias del Liceo municipal Pedro Regalado Videla Ordenes (PRVO) se efect\u00fao\u00a0 una jornada acad\u00e9mica cultural marcada por la realizaci\u00f3n de una Feria Vocacional, en la cual participaron diversas organizaciones que entregaron informaci\u00f3n respecto a las carreras profesionales, adem\u00e1s de otros datos pr\u00e1cticos como becas, malla curricular, n\u00famero de semestres, etc. Esta actividad se enmarca [&hellip;]<\/p>\n","protected":false},"author":5,"featured_media":0,"comment_status":"open","ping_status":"open","sticky":false,"template":"","format":"standard","meta":{"_acf_changed":false,"footnotes":""},"categories":[4569],"tags":[1207,56],"acf":[],"aioseo_notices":[],"_links":{"self":[{"href":"https:\/\/www.andacolloconectado.cl\/index.php\/wp-json\/wp\/v2\/posts\/4995"}],"collection":[{"href":"https:\/\/www.andacolloconectado.cl\/index.php\/wp-json\/wp\/v2\/posts"}],"about":[{"href":"https:\/\/www.andacolloconectado.cl\/index.php\/wp-json\/wp\/v2\/types\/post"}],"author":[{"embeddable":true,"href":"https:\/\/www.andacolloconectado.cl\/index.php\/wp-json\/wp\/v2\/users\/5"}],"replies":[{"embeddable":true,"href":"https:\/\/www.andacolloconectado.cl\/index.php\/wp-json\/wp\/v2\/comments?post=4995"}],"version-history":[{"count":2,"href":"https:\/\/www.andacolloconectado.cl\/index.php\/wp-json\/wp\/v2\/posts\/4995\/revisions"}],"predecessor-version":[{"id":4999,"href":"https:\/\/www.andacolloconectado.cl\/index.php\/wp-json\/wp\/v2\/posts\/4995\/revisions\/4999"}],"wp:attachment":[{"href":"https:\/\/www.andacolloconectado.cl\/index.php\/wp-json\/wp\/v2\/media?parent=4995"}],"wp:term":[{"taxonomy":"category","embeddable":true,"href":"https:\/\/www.andacolloconectado.cl\/index.php\/wp-json\/wp\/v2\/categories?post=4995"},{"taxonomy":"post_tag","embeddable":true,"href":"https:\/\/www.andacolloconectado.cl\/index.php\/wp-json\/wp\/v2\/tags?post=4995"}],"curies":[{"name":"wp","href":"https:\/\/api.w.org\/{rel}","templated":true}]}}