{"id":5000,"date":"2017-10-10T18:02:28","date_gmt":"2017-10-10T18:02:28","guid":{"rendered":"http:\/\/www.andacolloconectado.cl\/?p=5000"},"modified":"2017-10-10T18:07:44","modified_gmt":"2017-10-10T18:07:44","slug":"anfa-regional-destaca-la-organizacion-andacollina-en-el-cuadrangular-final-de-la-serie-sub-15","status":"publish","type":"post","link":"https:\/\/www.andacolloconectado.cl\/index.php\/anfa-regional-destaca-la-organizacion-andacollina-en-el-cuadrangular-final-de-la-serie-sub-15\/","title":{"rendered":"ANFA regional destaca la organizaci\u00f3n andacollina en el  cuadrangular final de la  serie  Sub 15"},"content":{"rendered":"<p>El pasado fin de semana se desarroll\u00f3 el primer campeonato de f\u00fatbol en el nuevo Estadio Municipal, Wilfredo Gonz\u00e1lez. Las dependencias deportivas albergaron el cuadrangular para disputar la final regional Sub 15, entre los equipos de Vicu\u00f1a, Salamanca, Coquimbo y Andacollo.<\/p>\n<p>Las semifinales se jugaron en d\u00eda s\u00e1bado entre Vicu\u00f1a y Coquimbo, donde gan\u00f3 el equipo porte\u00f1o en la definici\u00f3n a penales. El segundo encuentro fue disputado entre Salamanca y Andacollo, resultando vencedores los visitantes por la cuenta m\u00ednima.<\/p>\n<p>En el partido final jugado el d\u00eda domingo se impuso el equipo de Coquimbo sobre el representativo de Salamanca, tras terminar los 90 minutos empatados a cero, se debi\u00f3 jugar el alargue donde nuevamente el marcador qued\u00f3 equiparado 1 a 1, por lo que se lleg\u00f3 a los tiros penales. As\u00ed, la selecci\u00f3n coquimbana alz\u00f3 la copa y participar\u00e1 en el campeonato nacional Sub 15 que se desarrollar\u00e1 en la ciudad de Arica.<\/p>\n<p>Un aspecto muy importante destacado por los dirigentes regionales de la ANFA (Asociaci\u00f3n Nacional de F\u00fatbol Amateur) que llegaron a nuestra comuna fue la organizaci\u00f3n, pues todo fue de gran nivel dentro y fuera de la cancha.<\/p>\n<p>En lo deportivo los personeros quedaron gratamente sorprendidos con las modernas y c\u00f3modas dependencias del Estadio Municipal; y con el comportamiento y asistencia del p\u00fablico tanto local como de la hinchada de los otros equipos. Por otra parte, Ricardo V\u00e9lez, presidente de la ANFA regional, resalt\u00f3 que la parte log\u00edstica de hospedaje y traslado fue excelente.<\/p>\n<p>Tomando en consideraci\u00f3n estos factores es que V\u00e9lez vislumbra la posibilidad de organizar futuros eventos regionales \u201cestamos s\u00faper contentos y satisfechos con la organizaci\u00f3n y con los medios, les agradezco porque esto conlleva que la gente participe en el f\u00fatbol. Convers\u00e9 con el alcalde, a lo mejor vamos a llegar a organizar un cuadrangular con equipos de gran nivel\u201d, concluy\u00f3 el dirigente.<\/p>\n<p>Por su parte, Claudio Vicencio, presidente de la Asociaci\u00f3n andacollina se\u00f1al\u00f3 que con este cuadrangular se demuestra que la comuna est\u00e1 en condiciones de organizar diferentes eventos, porque hay infraestructura deportiva, excelentes hospedajes, atractivos tur\u00edsticos y, por sobre todo grandes personas que ayudaron en diversos aspectos.<\/p>\n<p>Vicencio agradeci\u00f3 de manera especial a las siguientes personas o instituciones que colaboraron: Municipalidad de Andacollo, Compa\u00f1\u00eda Teck CDA, Red de Hospedaje Tierra de Astros, Empresa de Transportes Flex, Carabineros, Banda Instrumental Municipal, guardias de seguridad, chicos peloteros, personal de porter\u00eda, promotoras del torneo, medios de comunicaci\u00f3n, Canal Se\u00f1al 6 y al personal que trabaj\u00f3 en el audio y c\u00e1maras.<\/p>\n","protected":false},"excerpt":{"rendered":"<p>El pasado fin de semana se desarroll\u00f3 el primer campeonato de f\u00fatbol en el nuevo Estadio Municipal, Wilfredo Gonz\u00e1lez. Las dependencias deportivas albergaron el cuadrangular para disputar la final regional Sub 15, entre los equipos de Vicu\u00f1a, Salamanca, Coquimbo y Andacollo. Las semifinales se jugaron en d\u00eda s\u00e1bado entre Vicu\u00f1a y Coquimbo, donde gan\u00f3 el [&hellip;]<\/p>\n","protected":false},"author":5,"featured_media":0,"comment_status":"open","ping_status":"open","sticky":false,"template":"","format":"standard","meta":{"_acf_changed":false,"footnotes":""},"categories":[4569],"tags":[1140,1208],"acf":[],"aioseo_notices":[],"_links":{"self":[{"href":"https:\/\/www.andacolloconectado.cl\/index.php\/wp-json\/wp\/v2\/posts\/5000"}],"collection":[{"href":"https:\/\/www.andacolloconectado.cl\/index.php\/wp-json\/wp\/v2\/posts"}],"about":[{"href":"https:\/\/www.andacolloconectado.cl\/index.php\/wp-json\/wp\/v2\/types\/post"}],"author":[{"embeddable":true,"href":"https:\/\/www.andacolloconectado.cl\/index.php\/wp-json\/wp\/v2\/users\/5"}],"replies":[{"embeddable":true,"href":"https:\/\/www.andacolloconectado.cl\/index.php\/wp-json\/wp\/v2\/comments?post=5000"}],"version-history":[{"count":2,"href":"https:\/\/www.andacolloconectado.cl\/index.php\/wp-json\/wp\/v2\/posts\/5000\/revisions"}],"predecessor-version":[{"id":5003,"href":"https:\/\/www.andacolloconectado.cl\/index.php\/wp-json\/wp\/v2\/posts\/5000\/revisions\/5003"}],"wp:attachment":[{"href":"https:\/\/www.andacolloconectado.cl\/index.php\/wp-json\/wp\/v2\/media?parent=5000"}],"wp:term":[{"taxonomy":"category","embeddable":true,"href":"https:\/\/www.andacolloconectado.cl\/index.php\/wp-json\/wp\/v2\/categories?post=5000"},{"taxonomy":"post_tag","embeddable":true,"href":"https:\/\/www.andacolloconectado.cl\/index.php\/wp-json\/wp\/v2\/tags?post=5000"}],"curies":[{"name":"wp","href":"https:\/\/api.w.org\/{rel}","templated":true}]}}