{"id":5004,"date":"2017-10-10T21:06:44","date_gmt":"2017-10-10T21:06:44","guid":{"rendered":"http:\/\/www.andacolloconectado.cl\/?p=5004"},"modified":"2017-10-10T21:09:15","modified_gmt":"2017-10-10T21:09:15","slug":"la-voz-radial-de-un-andacollino-que-acompana-a-los-chilenos-de-norte-a-sur","status":"publish","type":"post","link":"https:\/\/www.andacolloconectado.cl\/index.php\/la-voz-radial-de-un-andacollino-que-acompana-a-los-chilenos-de-norte-a-sur\/","title":{"rendered":"La voz radial de un andacollino que acompa\u00f1a a los chilenos de norte\u00a0a sur"},"content":{"rendered":"<p>Fabi\u00e1n \u00a0Casanga \u00a0Toro \u00a0es un locutor andacollino, que \u00a0hoy por \u00a0hoy es \u00a0la voz \u00a0de distintas radios \u00a0a nivel \u00a0nacional, muy \u00a0orgulloso de sus \u00a0ra\u00edces nos dice \u201che tenido la suerte de llevar la voz de Andacollo a lugares tan distantes como la Isla de Pascua a trav\u00e9s de la radio Manukena\u201d.<\/p>\n<p><span style=\"font-weight: 400;\">Sus inicios en el \u00a0mundo \u00a0radial se remontan \u00a0hace 35 \u00a0a\u00f1os en la radio \u00a0andacollina \u201cEl Dorado\u201d que posteriormente dar\u00eda origen a radio \u201cG\u00e9nesis\u201d agradece al \u00a0due\u00f1o de \u00a0esta \u00a0emisora don Mario \u00a0Jeraldo por darle \u00a0un espacio \u00a0en sus \u00a0instalaciones, donde conocer\u00eda a otros \u00a0locutores que lo animaron a continuar en un \u201cmundo el \u00a0mundo \u00a0m\u00e1gico que me permite \u00a0estar \u00a0en contacto \u00a0con la gente y \u00a0con el \u00a0tiempo me di cuenta que la radio \u00a0es la \u00a0vitamina que me permite \u00a0afrontar \u00a0el d\u00eda \u00a0a d\u00eda\u201d, se\u00f1ala Fabi\u00e1n.<\/span><\/p>\n<p><span style=\"font-weight: 400;\">De esos a\u00f1os, recuerda con gran cari\u00f1o \u00a0a Hern\u00e1n Mart\u00ednez, Jaime Cort\u00e9s, Jorge Saavedra, Juan Cort\u00e9s \u00a0y Jorge Alfaro, ya \u00a0que \u00a0ellos le \u00a0dieron el \u00a0impulso para seguir \u00a0con su vocaci\u00f3n.<\/span><\/p>\n<p><span style=\"font-weight: 400;\"> Al tener que trasladarse a La Serena para \u00a0continuar sus estudios, tuvo la oportunidad de ingresar y \u00a0participar en \u00a0Radio \u00a0Nacional, desde ese entonces su \u00a0voz se escucha en diferentes emisoras del \u00a0pa\u00eds como Radio \u00a0Sembrador de Chill\u00e1n, 40 Principales de Antofagasta, Radio \u00a0Paulina de Vallenar, Radio \u00a0Monta\u00f1a de Andacollo y \u00a0Radio San Batolom\u00e9 de La Serena donde actualmente \u00a0conduce dos programas \u201cCiudad RSB\u201d de lunes a viernes entre las 17:10 y \u00a0las 20:30 horas, y \u00a0\u201cS\u00e1bado \u00a0RSB\u201d que \u00a0es un resumen semanal.<\/span><\/p>\n<p><span style=\"font-weight: 400;\">Un hito que destaca Fabi\u00e1n Casanga \u00a0y \u00a0que \u00a0lo \u00a0llena de satisfacci\u00f3n es ser la voz de la \u00a0oraci\u00f3n oficial del \u00a0Santuario \u00a0de Andacollo en su \u00a0p\u00e1gina web, \u201cese era un sue\u00f1o que ten\u00eda desde hace mucho tiempo y \u00a0le \u00a0agradezco a la \u00a0Virgen esta capacidad de comunicar. <\/span><\/p>\n<p><span style=\"font-weight: 400;\">Yo \u00a0dije me encantar\u00eda \u00a0que la gente \u00a0se impregne de lo \u00a0que \u00a0significa \u00a0Andacollo y nuestra \u00a0madre, la reina morena de la monta\u00f1a \u00a0y \u00a0yo \u00a0quise expresar mi sentimientos \u00a0a trav\u00e9s de esa oraci\u00f3n tan bonita que \u00a0refleja \u00a0esa manifestaci\u00f3n de fe que nos \u00a0lleva a subir \u00a0cada a\u00f1o \u00a0a la monta\u00f1a m\u00e1gica\u201d.<\/span><\/p>\n<p><span style=\"font-weight: 400;\">Finalmente, Casanga \u00a0nos \u00a0dice \u201caprovecho \u00a0la oportunidad \u00a0de darle las gracias a los medios \u00a0que me dieron la \u00a0oportunidad \u00a0de hacer lo \u00a0que me gusta \u00a0de manera natural, porque sigo siendo el mismo \u00a0andacollino de siempre saludando a los amigos y \u00a0agradecido de la \u00a0vida porque cuando uno \u00a0hace lo \u00a0que le \u00a0gusta \u00a0lo \u00a0hace con cari\u00f1o\u201d.<\/span><\/p>\n","protected":false},"excerpt":{"rendered":"<p>Fabi\u00e1n \u00a0Casanga \u00a0Toro \u00a0es un locutor andacollino, que \u00a0hoy por \u00a0hoy es \u00a0la voz \u00a0de distintas radios \u00a0a nivel \u00a0nacional, muy \u00a0orgulloso de sus \u00a0ra\u00edces nos dice \u201che tenido la suerte de llevar la voz de Andacollo a lugares tan distantes como la Isla de Pascua a trav\u00e9s de la radio Manukena\u201d. Sus inicios en [&hellip;]<\/p>\n","protected":false},"author":5,"featured_media":0,"comment_status":"open","ping_status":"open","sticky":false,"template":"","format":"standard","meta":{"_acf_changed":false,"footnotes":""},"categories":[4569],"tags":[1209],"acf":[],"aioseo_notices":[],"_links":{"self":[{"href":"https:\/\/www.andacolloconectado.cl\/index.php\/wp-json\/wp\/v2\/posts\/5004"}],"collection":[{"href":"https:\/\/www.andacolloconectado.cl\/index.php\/wp-json\/wp\/v2\/posts"}],"about":[{"href":"https:\/\/www.andacolloconectado.cl\/index.php\/wp-json\/wp\/v2\/types\/post"}],"author":[{"embeddable":true,"href":"https:\/\/www.andacolloconectado.cl\/index.php\/wp-json\/wp\/v2\/users\/5"}],"replies":[{"embeddable":true,"href":"https:\/\/www.andacolloconectado.cl\/index.php\/wp-json\/wp\/v2\/comments?post=5004"}],"version-history":[{"count":1,"href":"https:\/\/www.andacolloconectado.cl\/index.php\/wp-json\/wp\/v2\/posts\/5004\/revisions"}],"predecessor-version":[{"id":5006,"href":"https:\/\/www.andacolloconectado.cl\/index.php\/wp-json\/wp\/v2\/posts\/5004\/revisions\/5006"}],"wp:attachment":[{"href":"https:\/\/www.andacolloconectado.cl\/index.php\/wp-json\/wp\/v2\/media?parent=5004"}],"wp:term":[{"taxonomy":"category","embeddable":true,"href":"https:\/\/www.andacolloconectado.cl\/index.php\/wp-json\/wp\/v2\/categories?post=5004"},{"taxonomy":"post_tag","embeddable":true,"href":"https:\/\/www.andacolloconectado.cl\/index.php\/wp-json\/wp\/v2\/tags?post=5004"}],"curies":[{"name":"wp","href":"https:\/\/api.w.org\/{rel}","templated":true}]}}