{"id":5024,"date":"2017-10-13T17:35:11","date_gmt":"2017-10-13T17:35:11","guid":{"rendered":"http:\/\/www.andacolloconectado.cl\/?p=5024"},"modified":"2017-10-13T17:42:58","modified_gmt":"2017-10-13T17:42:58","slug":"se-inician-obras-para-abastecer-de-agua-potable-a-familias-del-sector-el-molle-de-andacollo","status":"publish","type":"post","link":"https:\/\/www.andacolloconectado.cl\/index.php\/se-inician-obras-para-abastecer-de-agua-potable-a-familias-del-sector-el-molle-de-andacollo\/","title":{"rendered":"Se inician obras para abastecer de agua potable a familias del sector El Molle de Andacollo"},"content":{"rendered":"<p><strong>Se trata de 37 familias que, en algunos casos, han esperado por 30 a\u00f1os para contar con este servicio b\u00e1sico. El proyecto fue priorizado por los propios vecinos, apoyado por el municipio local y financiado por Teck.<\/strong><\/p>\n<p>Un importante logro para el desarrollo de Andacollo y, especialmente, para familias del sector El Molle, se concret\u00f3 con la colocaci\u00f3n de la Primera Piedra de lo que ser\u00e1n las obras de construcci\u00f3n de una red de agua potable que abastecer\u00e1 a 37 hogares.<\/p>\n<p>El anhelo de este grupo de vecinos se materializ\u00f3 por medio de un proyecto priorizado por la Mesa Ejecutiva por Andacollo (Actualmente \u201cComunidad Andacollina Teck\u201d), el apoyo del municipio y el financiamiento de Teck con recursos que superan los 212 millones de pesos.<\/p>\n<p>\u201cEs un proyecto muy relevante para los habitantes de El Molle, debido a que entrega soluci\u00f3n a una necesidad que han tenido por muchos a\u00f1os. Por lo mismo, agradecer la colaboraci\u00f3n de la empresa sanitaria y de Teck, que dispuso los recursos para la ejecuci\u00f3n de las obras de construcci\u00f3n\u201d, explic\u00f3 Juan Carlos Alfaro, Alcalde de la Comuna.<\/p>\n<p>Paulo Barraza, gerente de Gesti\u00f3n Comunitaria de Teck Carmen de Andacollo, puntualiz\u00f3 en la importancia del di\u00e1logo participativo como mecanismo para generar proyectos de alto impacto en favor de la comuna. \u201cFueron los propios vecinos quienes priorizaron y gestionaron este proyecto y Teck colabor\u00f3 a su esfuerzo por medio de los Planes de Desarrollo Comunitario que tiene a disposici\u00f3n. Lo valioso es que se trata de una iniciativa participativa, donde intervinieron voluntades y mucha colaboraci\u00f3n\u201d, indic\u00f3 el ejecutivo.<\/p>\n<p>El proyecto implicar\u00e1 la conexi\u00f3n de las 37 viviendas a la red de agua potable de la sanitaria de Aguas del Valle, asegurando su suministro estable y constante en todo momento.<\/p>\n<p>Palmenia Pereira, presidenta del Comit\u00e9 El Molle, agradeci\u00f3 el compromiso y colaboraci\u00f3n de todos los involucrados en este proyecto y se\u00f1al\u00f3 que \u201cha sido una espera de hasta 30 a\u00f1os para algunas familias, y ver que se comenz\u00f3 a trabajar nos tiene bastante emocionados y contentos. Agradecemos las gestiones del municipio, de la minera y de todos quienes nos apoyaron para hacer realidad este sue\u00f1o\u201d.<\/p>\n<p>Se estima que las obras tendr\u00e1n una duraci\u00f3n de 4 meses, periodo en que se realizan las excavaciones, instalaci\u00f3n de tuber\u00edas y la conexi\u00f3n de las viviendas al servicio de agua potable.<\/p>\n<p><strong>Sobre Teck<\/strong><br \/>\nTeck es una empresa canadiense de recursos diversificados comprometida con el desarrollo responsable de la miner\u00eda y de los minerales, que tiene sus principales unidades de negocio enfocadas en el cobre, el carb\u00f3n sider\u00fargico, el zinc y la energ\u00eda<\/p>\n<p>Teck est\u00e1 presente en Chile a trav\u00e9s de la operaci\u00f3n de las minas de cobre Quebrada Blanca, en la Regi\u00f3n de Tarapac\u00e1, y Carmen de Andacollo, en la Regi\u00f3n de Coquimbo. En conjunto, tienen la capacidad de producir entre 110 y 125 mil toneladas de cobre por a\u00f1o y dan empleo a cerca de 1.500 trabajadores. En las dos operaciones Teck es socio de la Empresa Nacional de Miner\u00eda (ENAMI), que posee el 10% en cada una.<\/p>\n","protected":false},"excerpt":{"rendered":"<p>Se trata de 37 familias que, en algunos casos, han esperado por 30 a\u00f1os para contar con este servicio b\u00e1sico. El proyecto fue priorizado por los propios vecinos, apoyado por el municipio local y financiado por Teck. Un importante logro para el desarrollo de Andacollo y, especialmente, para familias del sector El Molle, se concret\u00f3 [&hellip;]<\/p>\n","protected":false},"author":5,"featured_media":0,"comment_status":"open","ping_status":"open","sticky":false,"template":"","format":"standard","meta":{"_acf_changed":false,"footnotes":""},"categories":[4569],"tags":[1099,212],"acf":[],"aioseo_notices":[],"_links":{"self":[{"href":"https:\/\/www.andacolloconectado.cl\/index.php\/wp-json\/wp\/v2\/posts\/5024"}],"collection":[{"href":"https:\/\/www.andacolloconectado.cl\/index.php\/wp-json\/wp\/v2\/posts"}],"about":[{"href":"https:\/\/www.andacolloconectado.cl\/index.php\/wp-json\/wp\/v2\/types\/post"}],"author":[{"embeddable":true,"href":"https:\/\/www.andacolloconectado.cl\/index.php\/wp-json\/wp\/v2\/users\/5"}],"replies":[{"embeddable":true,"href":"https:\/\/www.andacolloconectado.cl\/index.php\/wp-json\/wp\/v2\/comments?post=5024"}],"version-history":[{"count":2,"href":"https:\/\/www.andacolloconectado.cl\/index.php\/wp-json\/wp\/v2\/posts\/5024\/revisions"}],"predecessor-version":[{"id":5027,"href":"https:\/\/www.andacolloconectado.cl\/index.php\/wp-json\/wp\/v2\/posts\/5024\/revisions\/5027"}],"wp:attachment":[{"href":"https:\/\/www.andacolloconectado.cl\/index.php\/wp-json\/wp\/v2\/media?parent=5024"}],"wp:term":[{"taxonomy":"category","embeddable":true,"href":"https:\/\/www.andacolloconectado.cl\/index.php\/wp-json\/wp\/v2\/categories?post=5024"},{"taxonomy":"post_tag","embeddable":true,"href":"https:\/\/www.andacolloconectado.cl\/index.php\/wp-json\/wp\/v2\/tags?post=5024"}],"curies":[{"name":"wp","href":"https:\/\/api.w.org\/{rel}","templated":true}]}}