{"id":5034,"date":"2017-10-16T15:47:58","date_gmt":"2017-10-16T15:47:58","guid":{"rendered":"http:\/\/www.andacolloconectado.cl\/?p=5034"},"modified":"2017-10-16T15:47:58","modified_gmt":"2017-10-16T15:47:58","slug":"liceo-promueve-el-deporte-a-traves-de-una-corrida-para-los-estudiantes","status":"publish","type":"post","link":"https:\/\/www.andacolloconectado.cl\/index.php\/liceo-promueve-el-deporte-a-traves-de-una-corrida-para-los-estudiantes\/","title":{"rendered":"Liceo promueve el deporte a  trav\u00e9s de una corrida para los estudiantes"},"content":{"rendered":"<p>El jueves reci\u00e9n pasado el Liceo Pedro Regalado Videla organiz\u00f3 en conjunto con el Instituto Nacional del Deporte una corrida donde participaron estudiantes de otros establecimientos tanto de Andacollo como de las comunas de Coquimbo, R\u00edo Hurtado y Monte Patria.<\/p>\n<p>El gestor y promotor de esta actividad es el profesor de educaci\u00f3n f\u00edsica del Liceo municipal, Juan Carlos C\u00f3rdova quien ha venido desarrollando un constante y exitoso trabajo en la promoci\u00f3n del deporte entre sus alumnos, especialmente en el atletismo.<\/p>\n<p>En esta ocasi\u00f3n, adem\u00e1s se quiso incorporar a los alumnos de ense\u00f1anza b\u00e1sica como una forma de incentivarlos desde peque\u00f1os y potenciar sus capacidades, por lo que hubo competidores desde 1\u00b0 b\u00e1sico.<\/p>\n<p><strong>Las competencias arrojaron los siguientes resultados:<\/strong><br \/>\nEn la categor\u00eda b\u00e1sica, los ganadores fueron Zasha Matamala y Crist\u00f3bal Jim\u00e9nez.<br \/>\nEn la categor\u00eda 1\u00b0 y 2\u00b0 Medios, los ganadores fueron Emili Pizarro y Javier Guerrero.<br \/>\nEn la categor\u00eda 3\u00b0 y 4\u00b0 Medios, los ganadores fueron Ashley Acevedo y Gabriel Castro.<\/p>\n","protected":false},"excerpt":{"rendered":"<p>El jueves reci\u00e9n pasado el Liceo Pedro Regalado Videla organiz\u00f3 en conjunto con el Instituto Nacional del Deporte una corrida donde participaron estudiantes de otros establecimientos tanto de Andacollo como de las comunas de Coquimbo, R\u00edo Hurtado y Monte Patria. El gestor y promotor de esta actividad es el profesor de educaci\u00f3n f\u00edsica del Liceo [&hellip;]<\/p>\n","protected":false},"author":5,"featured_media":0,"comment_status":"open","ping_status":"open","sticky":false,"template":"","format":"standard","meta":{"_acf_changed":false,"footnotes":""},"categories":[4569],"tags":[1214],"acf":[],"aioseo_notices":[],"_links":{"self":[{"href":"https:\/\/www.andacolloconectado.cl\/index.php\/wp-json\/wp\/v2\/posts\/5034"}],"collection":[{"href":"https:\/\/www.andacolloconectado.cl\/index.php\/wp-json\/wp\/v2\/posts"}],"about":[{"href":"https:\/\/www.andacolloconectado.cl\/index.php\/wp-json\/wp\/v2\/types\/post"}],"author":[{"embeddable":true,"href":"https:\/\/www.andacolloconectado.cl\/index.php\/wp-json\/wp\/v2\/users\/5"}],"replies":[{"embeddable":true,"href":"https:\/\/www.andacolloconectado.cl\/index.php\/wp-json\/wp\/v2\/comments?post=5034"}],"version-history":[{"count":1,"href":"https:\/\/www.andacolloconectado.cl\/index.php\/wp-json\/wp\/v2\/posts\/5034\/revisions"}],"predecessor-version":[{"id":5036,"href":"https:\/\/www.andacolloconectado.cl\/index.php\/wp-json\/wp\/v2\/posts\/5034\/revisions\/5036"}],"wp:attachment":[{"href":"https:\/\/www.andacolloconectado.cl\/index.php\/wp-json\/wp\/v2\/media?parent=5034"}],"wp:term":[{"taxonomy":"category","embeddable":true,"href":"https:\/\/www.andacolloconectado.cl\/index.php\/wp-json\/wp\/v2\/categories?post=5034"},{"taxonomy":"post_tag","embeddable":true,"href":"https:\/\/www.andacolloconectado.cl\/index.php\/wp-json\/wp\/v2\/tags?post=5034"}],"curies":[{"name":"wp","href":"https:\/\/api.w.org\/{rel}","templated":true}]}}