{"id":5048,"date":"2017-10-17T19:44:42","date_gmt":"2017-10-17T19:44:42","guid":{"rendered":"http:\/\/www.andacolloconectado.cl\/?p=5048"},"modified":"2017-10-17T19:44:42","modified_gmt":"2017-10-17T19:44:42","slug":"jardin-pepitas-de-oro-festeja-con-variadas-actividades-el-27-aniversario-de-la-fundacion-integra","status":"publish","type":"post","link":"https:\/\/www.andacolloconectado.cl\/index.php\/jardin-pepitas-de-oro-festeja-con-variadas-actividades-el-27-aniversario-de-la-fundacion-integra\/","title":{"rendered":"Jard\u00edn \u201cPepitas de Oro\u201d festeja  con variadas actividades  el  27\u00b0 aniversario de la Fundaci\u00f3n Integra"},"content":{"rendered":"<p>Durante esta semana la comunidad educativa del Jard\u00edn de p\u00e1rvulos \u201cPepitas de Oro\u201d se encuentra realizando diversas actividades para conmemorar el vig\u00e9simo s\u00e9ptimo aniversario de la <a href=\"https:\/\/goo.gl\/9pnid1\" target=\"_blank\">Fundaci\u00f3n Integra<\/a>, instituci\u00f3n de la cual dependen.<\/p>\n<p>Este centro educativo actualmente tiene una matr\u00edcula de 102 ni\u00f1os, que son atendidos en cuatro niveles, m\u00e1s dos salas cunas y dos niveles medio.<\/p>\n<p>Su directora es la educadora de p\u00e1rvulos Maritza Carvajal, quien explica que se \u201cofrece un curr\u00edculo bastante amplio que le permite al ni\u00f1o o ni\u00f1a explorar, crear, para desarrollar su imaginaci\u00f3n desde la sala cuna. Se busca potenciar todo lo que tiene que ver con lo psicol\u00f3gico y la neurociencia\u201d.<\/p>\n<p>Adem\u00e1s, se ha estado trabajando para generar conciencia en los p\u00e1rvulos y en sus familias de la importancia del respeto por el medioambiente, de la naturaleza y del cuidado que debe haber entre sus pares.<\/p>\n<p>Para lograr lo anterior, dentro del establecimiento \u201cse han implementando diferentes tem\u00e1ticas educativas que tienen que ver con la elaboraci\u00f3n y creaci\u00f3n de ciertos materiales utilizados el reciclaje, se ha ido al Punto Limpio, se promueve dentro del Jard\u00edn la actividad f\u00edsica, el d\u00eda viernes todos comen fruta, se promueve el consumo del agua y el cuidado de la luz\u201d, se\u00f1al\u00f3 la directora.<\/p>\n<p>Las actividades recreativas de aniversario organizadas por las t\u00edas han permitido que los peque\u00f1itos disfruten, durante estos d\u00edas, de la zumba, del cine, de una jornada con juegos inflables y pintacaritas, de una fiesta de disfraces.<\/p>\n","protected":false},"excerpt":{"rendered":"<p>Durante esta semana la comunidad educativa del Jard\u00edn de p\u00e1rvulos \u201cPepitas de Oro\u201d se encuentra realizando diversas actividades para conmemorar el vig\u00e9simo s\u00e9ptimo aniversario de la Fundaci\u00f3n Integra, instituci\u00f3n de la cual dependen. Este centro educativo actualmente tiene una matr\u00edcula de 102 ni\u00f1os, que son atendidos en cuatro niveles, m\u00e1s dos salas cunas y dos [&hellip;]<\/p>\n","protected":false},"author":5,"featured_media":0,"comment_status":"open","ping_status":"open","sticky":false,"template":"","format":"standard","meta":{"_acf_changed":false,"footnotes":""},"categories":[4569],"tags":[1218,1219],"acf":[],"aioseo_notices":[],"_links":{"self":[{"href":"https:\/\/www.andacolloconectado.cl\/index.php\/wp-json\/wp\/v2\/posts\/5048"}],"collection":[{"href":"https:\/\/www.andacolloconectado.cl\/index.php\/wp-json\/wp\/v2\/posts"}],"about":[{"href":"https:\/\/www.andacolloconectado.cl\/index.php\/wp-json\/wp\/v2\/types\/post"}],"author":[{"embeddable":true,"href":"https:\/\/www.andacolloconectado.cl\/index.php\/wp-json\/wp\/v2\/users\/5"}],"replies":[{"embeddable":true,"href":"https:\/\/www.andacolloconectado.cl\/index.php\/wp-json\/wp\/v2\/comments?post=5048"}],"version-history":[{"count":2,"href":"https:\/\/www.andacolloconectado.cl\/index.php\/wp-json\/wp\/v2\/posts\/5048\/revisions"}],"predecessor-version":[{"id":5051,"href":"https:\/\/www.andacolloconectado.cl\/index.php\/wp-json\/wp\/v2\/posts\/5048\/revisions\/5051"}],"wp:attachment":[{"href":"https:\/\/www.andacolloconectado.cl\/index.php\/wp-json\/wp\/v2\/media?parent=5048"}],"wp:term":[{"taxonomy":"category","embeddable":true,"href":"https:\/\/www.andacolloconectado.cl\/index.php\/wp-json\/wp\/v2\/categories?post=5048"},{"taxonomy":"post_tag","embeddable":true,"href":"https:\/\/www.andacolloconectado.cl\/index.php\/wp-json\/wp\/v2\/tags?post=5048"}],"curies":[{"name":"wp","href":"https:\/\/api.w.org\/{rel}","templated":true}]}}