{"id":5053,"date":"2017-10-18T13:27:54","date_gmt":"2017-10-18T13:27:54","guid":{"rendered":"http:\/\/www.andacolloconectado.cl\/?p=5053"},"modified":"2017-10-18T13:27:54","modified_gmt":"2017-10-18T13:27:54","slug":"profesor-andacollino-recibira-reconocimiento-por-su-labor-como-docente","status":"publish","type":"post","link":"https:\/\/www.andacolloconectado.cl\/index.php\/profesor-andacollino-recibira-reconocimiento-por-su-labor-como-docente\/","title":{"rendered":"Profesor andacollino recibir\u00e1 reconocimiento  por  su  labor  como  docente"},"content":{"rendered":"<p>Hoy mi\u00e9rcoles a las 11 de la ma\u00f1ana el profesor V\u00edctor Soto, que se desempe\u00f1a hace 10 a\u00f1os en el Colegio Nuestra Se\u00f1ora del Rosario, ser\u00e1 destacado en la Secretaria Ministerial de Educaci\u00f3n por su labor como docente en este establecimiento de educaci\u00f3n b\u00e1sica.<\/p>\n<p>Actualmente, es profesor de Lenguaje e Historia, y ejerce la jefatura del octavo b\u00e1sico. Adem\u00e1s est\u00e1 a cargo del grupo folcl\u00f3rico \u201cRa\u00edces Rosarinas\u201d conformado por alumnos desde pre k\u00ednder a octavo.<\/p>\n<p>Este reconocimiento lo recibe por su incansable labor para rescatar e inculcar en su alumnos las tradiciones culturales tanto de nuestro pa\u00eds como de Andacollo, por fomentar en sus estudiantes el amor por el folclor, especialmente por la cueca.<\/p>\n<p>Tambi\u00e9n ha trabajado en ense\u00f1ar a los ni\u00f1os a valorar las ra\u00edces de nuestra comuna que desde tiempos ancestrales se encadenan a trav\u00e9s de la miner\u00eda artesanal y la religiosidad popular, siendo los pilares que identifican a Andacollo con su Virgen Morena, los Bailes Chinos y los pirquineros.<\/p>\n<p>V\u00edctor Soto nos comenta que desde su infancia sab\u00eda que quer\u00eda ser maestro \u201cdesde los 6 \u00f3 7 a\u00f1os , en la ense\u00f1anza b\u00e1sica siempre quise ser profesor y hay personas que te gatillan para que t\u00fa puedas conseguir este sue\u00f1o, porque para m\u00ed fue un sue\u00f1o que se est\u00e1 cumpliendo y lo estoy disfrutando.\u00bb Estoy muy contento con mi experiencia de ser maestro, porque mi vocaci\u00f3n sale por los poros, estoy muy orgulloso de lo que hago y muy contento de lo que estoy entregando y sobretodo de ense\u00f1ar lo que es cultura\u201d.<\/p>\n<p>Finalmente, el profesor se\u00f1ala sentirse muy feliz que su trabajo en la difusi\u00f3n de las tradiciones andacollinas sirva para dar a conocer nuestro patrimonio m\u00e1s all\u00e1 de los limites de la comuna.<\/p>\n","protected":false},"excerpt":{"rendered":"<p>Hoy mi\u00e9rcoles a las 11 de la ma\u00f1ana el profesor V\u00edctor Soto, que se desempe\u00f1a hace 10 a\u00f1os en el Colegio Nuestra Se\u00f1ora del Rosario, ser\u00e1 destacado en la Secretaria Ministerial de Educaci\u00f3n por su labor como docente en este establecimiento de educaci\u00f3n b\u00e1sica. Actualmente, es profesor de Lenguaje e Historia, y ejerce la jefatura [&hellip;]<\/p>\n","protected":false},"author":5,"featured_media":0,"comment_status":"open","ping_status":"open","sticky":false,"template":"","format":"standard","meta":{"_acf_changed":false,"footnotes":""},"categories":[4569],"tags":[1220],"acf":[],"aioseo_notices":[],"_links":{"self":[{"href":"https:\/\/www.andacolloconectado.cl\/index.php\/wp-json\/wp\/v2\/posts\/5053"}],"collection":[{"href":"https:\/\/www.andacolloconectado.cl\/index.php\/wp-json\/wp\/v2\/posts"}],"about":[{"href":"https:\/\/www.andacolloconectado.cl\/index.php\/wp-json\/wp\/v2\/types\/post"}],"author":[{"embeddable":true,"href":"https:\/\/www.andacolloconectado.cl\/index.php\/wp-json\/wp\/v2\/users\/5"}],"replies":[{"embeddable":true,"href":"https:\/\/www.andacolloconectado.cl\/index.php\/wp-json\/wp\/v2\/comments?post=5053"}],"version-history":[{"count":1,"href":"https:\/\/www.andacolloconectado.cl\/index.php\/wp-json\/wp\/v2\/posts\/5053\/revisions"}],"predecessor-version":[{"id":5055,"href":"https:\/\/www.andacolloconectado.cl\/index.php\/wp-json\/wp\/v2\/posts\/5053\/revisions\/5055"}],"wp:attachment":[{"href":"https:\/\/www.andacolloconectado.cl\/index.php\/wp-json\/wp\/v2\/media?parent=5053"}],"wp:term":[{"taxonomy":"category","embeddable":true,"href":"https:\/\/www.andacolloconectado.cl\/index.php\/wp-json\/wp\/v2\/categories?post=5053"},{"taxonomy":"post_tag","embeddable":true,"href":"https:\/\/www.andacolloconectado.cl\/index.php\/wp-json\/wp\/v2\/tags?post=5053"}],"curies":[{"name":"wp","href":"https:\/\/api.w.org\/{rel}","templated":true}]}}