{"id":5056,"date":"2017-10-18T19:10:35","date_gmt":"2017-10-18T19:10:35","guid":{"rendered":"http:\/\/www.andacolloconectado.cl\/?p=5056"},"modified":"2017-10-18T19:10:35","modified_gmt":"2017-10-18T19:10:35","slug":"asociacion-de-futbol-andacollina-trabaja-para-potenciar-el-torneo-local-en-su-segunda-rueda","status":"publish","type":"post","link":"https:\/\/www.andacolloconectado.cl\/index.php\/asociacion-de-futbol-andacollina-trabaja-para-potenciar-el-torneo-local-en-su-segunda-rueda\/","title":{"rendered":"Asociaci\u00f3n de f\u00fatbol andacollina trabaja para potenciar el  torneo local en su segunda rueda"},"content":{"rendered":"<p>Despu\u00e9s de la exitosa organizaci\u00f3n del cuadrangular final regional de la categor\u00eda sub 15, la Asociaci\u00f3n de F\u00fatbol de Andacollo se abocar\u00e1 al desarrollo del campeonato local en su segunda etapa.<\/p>\n<p>Para este per\u00edodo de competencia entre los nueve clubes andacolllinos asociados a la organizaci\u00f3n, se busca potenciar su calidad para que los jugadores cuenten con todas las comodidades a la hora de enfrentar cada partido.<\/p>\n<p>Este a\u00f1o 2017 la Asociaci\u00f3n se adjudic\u00f3 a trav\u00e9s de la Mesa Ejecutiva por Andacollo, un fondo de $15.800.000 con el cual se pagar\u00e1n los gastos de arbitraje, tambi\u00e9n se compr\u00f3 la indumentaria a los nueve equipos infantiles, un computador, un data, un equipo de f\u00fatbol para la selecci\u00f3n femenina y ropa corporativa para la directiva.<\/p>\n<p>Adem\u00e1s este proyecto apoyado por Teck contempla la realizaci\u00f3n del programa deportivo \u201cTercer Tiempo\u201d en el canal Se\u00f1al 6, donde se comentan los encuentros disputados en cada fecha, y tambi\u00e9n ha servido de vitrina para otros deportes que se practican en la comuna como el k\u00e1rate y el atletismo.<\/p>\n","protected":false},"excerpt":{"rendered":"<p>Despu\u00e9s de la exitosa organizaci\u00f3n del cuadrangular final regional de la categor\u00eda sub 15, la Asociaci\u00f3n de F\u00fatbol de Andacollo se abocar\u00e1 al desarrollo del campeonato local en su segunda etapa. Para este per\u00edodo de competencia entre los nueve clubes andacolllinos asociados a la organizaci\u00f3n, se busca potenciar su calidad para que los jugadores cuenten [&hellip;]<\/p>\n","protected":false},"author":5,"featured_media":0,"comment_status":"open","ping_status":"open","sticky":false,"template":"","format":"standard","meta":{"_acf_changed":false,"footnotes":""},"categories":[4569],"tags":[1221,926],"acf":[],"aioseo_notices":[],"_links":{"self":[{"href":"https:\/\/www.andacolloconectado.cl\/index.php\/wp-json\/wp\/v2\/posts\/5056"}],"collection":[{"href":"https:\/\/www.andacolloconectado.cl\/index.php\/wp-json\/wp\/v2\/posts"}],"about":[{"href":"https:\/\/www.andacolloconectado.cl\/index.php\/wp-json\/wp\/v2\/types\/post"}],"author":[{"embeddable":true,"href":"https:\/\/www.andacolloconectado.cl\/index.php\/wp-json\/wp\/v2\/users\/5"}],"replies":[{"embeddable":true,"href":"https:\/\/www.andacolloconectado.cl\/index.php\/wp-json\/wp\/v2\/comments?post=5056"}],"version-history":[{"count":2,"href":"https:\/\/www.andacolloconectado.cl\/index.php\/wp-json\/wp\/v2\/posts\/5056\/revisions"}],"predecessor-version":[{"id":5059,"href":"https:\/\/www.andacolloconectado.cl\/index.php\/wp-json\/wp\/v2\/posts\/5056\/revisions\/5059"}],"wp:attachment":[{"href":"https:\/\/www.andacolloconectado.cl\/index.php\/wp-json\/wp\/v2\/media?parent=5056"}],"wp:term":[{"taxonomy":"category","embeddable":true,"href":"https:\/\/www.andacolloconectado.cl\/index.php\/wp-json\/wp\/v2\/categories?post=5056"},{"taxonomy":"post_tag","embeddable":true,"href":"https:\/\/www.andacolloconectado.cl\/index.php\/wp-json\/wp\/v2\/tags?post=5056"}],"curies":[{"name":"wp","href":"https:\/\/api.w.org\/{rel}","templated":true}]}}