{"id":5064,"date":"2017-10-20T15:01:33","date_gmt":"2017-10-20T15:01:33","guid":{"rendered":"http:\/\/www.andacolloconectado.cl\/?p=5064"},"modified":"2017-10-20T15:01:33","modified_gmt":"2017-10-20T15:01:33","slug":"ninos-del-taller-de-coro-de-la-escuela-de-talentos-rinden-homenaje-a-violeta-parra","status":"publish","type":"post","link":"https:\/\/www.andacolloconectado.cl\/index.php\/ninos-del-taller-de-coro-de-la-escuela-de-talentos-rinden-homenaje-a-violeta-parra\/","title":{"rendered":"Ni\u00f1os  del taller de coro de la Escuela de Talentos rinden  homenaje a Violeta  Parra"},"content":{"rendered":"<p>En el marco de la celebraciones que organiz\u00f3 el Municipio local para conmemorar el centenario del natalicio de Violeta Parra, ayer en la Casa del Encuentro Ciudadano se present\u00f3 el Coro de Ni\u00f1os de la Escuela de Talentos Andacollinos (ETA).<\/p>\n<p>La actividad denominada \u201cVioleta a Una sola Voz\u201d consisti\u00f3 en la interpretaci\u00f3n del repertorio de composiciones m\u00e1s populares de la reconocida cantautora chilena. Para esta presentaci\u00f3n los peque\u00f1os alumnos se prepararon desde principio de a\u00f1o asistiendo a ensayo todos los d\u00edas martes de 18:00 a 20:00 hrs.<\/p>\n<p>La cantante l\u00edrica Camila Gallardo, profesora y directora del taller de coro, integrada por quince ni\u00f1os y ni\u00f1as, indic\u00f3 que \u201cestoy muy contenta porque todas las expectativas que nos pusimos con los chicos se cumplieron, est\u00e1n felices en el escenario y lo disfrutaron. Este concierto fue en homenaje a los 100 a\u00f1os de Violeta Parra\u201d.<\/p>\n<p>Doris Pizarro, quien asisti\u00f3 para ver y escuchar a su nieta, se manifest\u00f3 muy emocionada porque \u201ces un trabajo espectacular, precioso cada vez que mi nieta y todos los ni\u00f1os cantan me emociono porque son muy chiquitos. La t\u00eda Camila es una excelente profesora\u201d<\/p>\n<p>Finalmente, hay que se\u00f1alar que todos los talleres que imparte la ETA son absolutamente gratuitos para sus alumnos, puesto que son apoyados con aportes de la Compa\u00f1\u00eda Teck y de la Fundaci\u00f3n Carmen Goudie.<\/p>\n","protected":false},"excerpt":{"rendered":"<p>En el marco de la celebraciones que organiz\u00f3 el Municipio local para conmemorar el centenario del natalicio de Violeta Parra, ayer en la Casa del Encuentro Ciudadano se present\u00f3 el Coro de Ni\u00f1os de la Escuela de Talentos Andacollinos (ETA). La actividad denominada \u201cVioleta a Una sola Voz\u201d consisti\u00f3 en la interpretaci\u00f3n del repertorio de [&hellip;]<\/p>\n","protected":false},"author":5,"featured_media":0,"comment_status":"open","ping_status":"open","sticky":false,"template":"","format":"standard","meta":{"_acf_changed":false,"footnotes":""},"categories":[4569],"tags":[1223],"acf":[],"aioseo_notices":[],"_links":{"self":[{"href":"https:\/\/www.andacolloconectado.cl\/index.php\/wp-json\/wp\/v2\/posts\/5064"}],"collection":[{"href":"https:\/\/www.andacolloconectado.cl\/index.php\/wp-json\/wp\/v2\/posts"}],"about":[{"href":"https:\/\/www.andacolloconectado.cl\/index.php\/wp-json\/wp\/v2\/types\/post"}],"author":[{"embeddable":true,"href":"https:\/\/www.andacolloconectado.cl\/index.php\/wp-json\/wp\/v2\/users\/5"}],"replies":[{"embeddable":true,"href":"https:\/\/www.andacolloconectado.cl\/index.php\/wp-json\/wp\/v2\/comments?post=5064"}],"version-history":[{"count":1,"href":"https:\/\/www.andacolloconectado.cl\/index.php\/wp-json\/wp\/v2\/posts\/5064\/revisions"}],"predecessor-version":[{"id":5066,"href":"https:\/\/www.andacolloconectado.cl\/index.php\/wp-json\/wp\/v2\/posts\/5064\/revisions\/5066"}],"wp:attachment":[{"href":"https:\/\/www.andacolloconectado.cl\/index.php\/wp-json\/wp\/v2\/media?parent=5064"}],"wp:term":[{"taxonomy":"category","embeddable":true,"href":"https:\/\/www.andacolloconectado.cl\/index.php\/wp-json\/wp\/v2\/categories?post=5064"},{"taxonomy":"post_tag","embeddable":true,"href":"https:\/\/www.andacolloconectado.cl\/index.php\/wp-json\/wp\/v2\/tags?post=5064"}],"curies":[{"name":"wp","href":"https:\/\/api.w.org\/{rel}","templated":true}]}}