{"id":5068,"date":"2017-10-20T19:38:01","date_gmt":"2017-10-20T19:38:01","guid":{"rendered":"http:\/\/www.andacolloconectado.cl\/?p=5068"},"modified":"2017-10-20T19:38:01","modified_gmt":"2017-10-20T19:38:01","slug":"agrupacion-inti-wayra-de-andacollo-participo-en-feria-costumbrista-de-copiapo","status":"publish","type":"post","link":"https:\/\/www.andacolloconectado.cl\/index.php\/agrupacion-inti-wayra-de-andacollo-participo-en-feria-costumbrista-de-copiapo\/","title":{"rendered":"Agrupaci\u00f3n Inti Wayra de Andacollo particip\u00f3  en Feria Costumbrista de Copiap\u00f3"},"content":{"rendered":"<p>Del 13 al 15 de octubre reci\u00e9n pasado, la agrupaci\u00f3n de danza Inti Wayra de nuestra comuna tuvo una destacada participaci\u00f3n en la Feria Costumbrista organizada por el Club deportivo de Minera Candelaria, en Copiap\u00f3.<br \/>\nEsta invitaci\u00f3n se gest\u00f3 a ra\u00edz de una presentaci\u00f3n del conjunto en \u201cEspacio Iris\u201d, donde el presidente del Club, Carlos Zambra vio el despliegue art\u00edstico de sus integrantes y los diferentes bailes del altiplano como sayas, caporales y tinkus.<\/p>\n<p>Leslie Honores D\u00edaz, presidenta de la agrupaci\u00f3n, nos se\u00f1al\u00f3 que la delegaci\u00f3n que viaj\u00f3 al norte estaba compuesta por 57 personas, con los gastos de alojamiento y alimentaci\u00f3n financiados por Minera Candelaria. En cuanto al traslado, \u00e9ste fue gracias a la colaboraci\u00f3n de Teck CDA que les facilito un bus para poder viajar con esta numerosa comitiva.<\/p>\n<p>\u201cLa experiencia y el recibimiento fue espectacular, todo muy lindo, hubo concursos, juegos y bailes tradicionales, dejamos bien puesto el nombre de Andacollo y nos dec\u00edan que \u00e9ramos la barra m\u00e1s entusiasta\u201d nos comenta Leslie muy contenta por la realizaci\u00f3n de este viaje, especialmente por los ni\u00f1os que lo disfrutaron mucho.<\/p>\n<p>La agrupaci\u00f3n Inti Wayra se form\u00f3 el a\u00f1o 2015 por iniciativa de las hermanas Honores D\u00edaz, comenzando con un grupo de bailarinas peque\u00f1as, pero con el pasar del tiempo se han incorporado bailarinas y bailarines de distintas edades, quienes con el apoyo de sus familias han costeado los trajes que usan en cada presentaci\u00f3n.<\/p>\n","protected":false},"excerpt":{"rendered":"<p>Del 13 al 15 de octubre reci\u00e9n pasado, la agrupaci\u00f3n de danza Inti Wayra de nuestra comuna tuvo una destacada participaci\u00f3n en la Feria Costumbrista organizada por el Club deportivo de Minera Candelaria, en Copiap\u00f3. Esta invitaci\u00f3n se gest\u00f3 a ra\u00edz de una presentaci\u00f3n del conjunto en \u201cEspacio Iris\u201d, donde el presidente del Club, Carlos [&hellip;]<\/p>\n","protected":false},"author":5,"featured_media":0,"comment_status":"open","ping_status":"open","sticky":false,"template":"","format":"standard","meta":{"_acf_changed":false,"footnotes":""},"categories":[4569],"tags":[1224,212],"acf":[],"aioseo_notices":[],"_links":{"self":[{"href":"https:\/\/www.andacolloconectado.cl\/index.php\/wp-json\/wp\/v2\/posts\/5068"}],"collection":[{"href":"https:\/\/www.andacolloconectado.cl\/index.php\/wp-json\/wp\/v2\/posts"}],"about":[{"href":"https:\/\/www.andacolloconectado.cl\/index.php\/wp-json\/wp\/v2\/types\/post"}],"author":[{"embeddable":true,"href":"https:\/\/www.andacolloconectado.cl\/index.php\/wp-json\/wp\/v2\/users\/5"}],"replies":[{"embeddable":true,"href":"https:\/\/www.andacolloconectado.cl\/index.php\/wp-json\/wp\/v2\/comments?post=5068"}],"version-history":[{"count":3,"href":"https:\/\/www.andacolloconectado.cl\/index.php\/wp-json\/wp\/v2\/posts\/5068\/revisions"}],"predecessor-version":[{"id":5073,"href":"https:\/\/www.andacolloconectado.cl\/index.php\/wp-json\/wp\/v2\/posts\/5068\/revisions\/5073"}],"wp:attachment":[{"href":"https:\/\/www.andacolloconectado.cl\/index.php\/wp-json\/wp\/v2\/media?parent=5068"}],"wp:term":[{"taxonomy":"category","embeddable":true,"href":"https:\/\/www.andacolloconectado.cl\/index.php\/wp-json\/wp\/v2\/categories?post=5068"},{"taxonomy":"post_tag","embeddable":true,"href":"https:\/\/www.andacolloconectado.cl\/index.php\/wp-json\/wp\/v2\/tags?post=5068"}],"curies":[{"name":"wp","href":"https:\/\/api.w.org\/{rel}","templated":true}]}}