{"id":5143,"date":"2017-11-06T14:06:47","date_gmt":"2017-11-06T14:06:47","guid":{"rendered":"http:\/\/www.andacolloconectado.cl\/?p=5143"},"modified":"2017-11-06T14:06:47","modified_gmt":"2017-11-06T14:06:47","slug":"colegio-parroquial-efectuo-ceremonia-de-lectura-de-sus-alumnos-de-1-basico","status":"publish","type":"post","link":"https:\/\/www.andacolloconectado.cl\/index.php\/colegio-parroquial-efectuo-ceremonia-de-lectura-de-sus-alumnos-de-1-basico\/","title":{"rendered":"Colegio Parroquial  efect\u00fao ceremonia  de lectura de sus alumnos de 1\u00b0 b\u00e1sico"},"content":{"rendered":"<p>Con la concurrencia de padres y apoderados el Colegio Parroquial de Andacollo (CPA) realiz\u00f3 la \u201cCeremonia de primeros lectores 2017\u201d para alrededor de 80 estudiantes de los primeros b\u00e1sicos de dicho establecimiento educacional.<\/p>\n<p>Esta actividad que se realiza anualmente, tiene por objetivo que los peque\u00f1os muestren ante la comunidad educativa todas las habilidades lectoras que han adquirido durante el presente a\u00f1o escolar.<\/p>\n<p>Una participaci\u00f3n muy destacada tienen los profesores, pues se disfrazan de personajes de cuentos y de superh\u00e9roes para que los peque\u00f1os se incentiven a continuar en el mundo de la lectura.<\/p>\n<p>Yenny Carmona, directora del CPA indic\u00f3 que la ceremonia de lectura es una tradici\u00f3n muy esperada, pues es \u201cun momento inolvidable para los ni\u00f1os que tiene que ver con sus sentimientos y afectividad es un paso m\u00e1s en el camino de su educaci\u00f3n\u201d.<\/p>\n<p>Durante el acto cada uno de los nuevos lectores reciben una chapita escrita con el lema \u201cYo s\u00e9 leer\u201d, un cuento y su carnet de biblioteca para que pidan libros cada vez que lo deseen y necesiten.<\/p>\n<p>Finalmente, la apoderada Clara Campos, se\u00f1al\u00f3 que \u201clo que vivimos como pap\u00e1s es muy emocionante, porque es un reconocimiento a los logros de los ni\u00f1os y les sirve como motivaci\u00f3n personal para que sigan aprendiendo\u201d.<\/p>\n","protected":false},"excerpt":{"rendered":"<p>Con la concurrencia de padres y apoderados el Colegio Parroquial de Andacollo (CPA) realiz\u00f3 la \u201cCeremonia de primeros lectores 2017\u201d para alrededor de 80 estudiantes de los primeros b\u00e1sicos de dicho establecimiento educacional. Esta actividad que se realiza anualmente, tiene por objetivo que los peque\u00f1os muestren ante la comunidad educativa todas las habilidades lectoras que [&hellip;]<\/p>\n","protected":false},"author":5,"featured_media":0,"comment_status":"open","ping_status":"open","sticky":false,"template":"","format":"standard","meta":{"_acf_changed":false,"footnotes":""},"categories":[1],"tags":[767],"acf":[],"aioseo_notices":[],"_links":{"self":[{"href":"https:\/\/www.andacolloconectado.cl\/index.php\/wp-json\/wp\/v2\/posts\/5143"}],"collection":[{"href":"https:\/\/www.andacolloconectado.cl\/index.php\/wp-json\/wp\/v2\/posts"}],"about":[{"href":"https:\/\/www.andacolloconectado.cl\/index.php\/wp-json\/wp\/v2\/types\/post"}],"author":[{"embeddable":true,"href":"https:\/\/www.andacolloconectado.cl\/index.php\/wp-json\/wp\/v2\/users\/5"}],"replies":[{"embeddable":true,"href":"https:\/\/www.andacolloconectado.cl\/index.php\/wp-json\/wp\/v2\/comments?post=5143"}],"version-history":[{"count":1,"href":"https:\/\/www.andacolloconectado.cl\/index.php\/wp-json\/wp\/v2\/posts\/5143\/revisions"}],"predecessor-version":[{"id":5145,"href":"https:\/\/www.andacolloconectado.cl\/index.php\/wp-json\/wp\/v2\/posts\/5143\/revisions\/5145"}],"wp:attachment":[{"href":"https:\/\/www.andacolloconectado.cl\/index.php\/wp-json\/wp\/v2\/media?parent=5143"}],"wp:term":[{"taxonomy":"category","embeddable":true,"href":"https:\/\/www.andacolloconectado.cl\/index.php\/wp-json\/wp\/v2\/categories?post=5143"},{"taxonomy":"post_tag","embeddable":true,"href":"https:\/\/www.andacolloconectado.cl\/index.php\/wp-json\/wp\/v2\/tags?post=5143"}],"curies":[{"name":"wp","href":"https:\/\/api.w.org\/{rel}","templated":true}]}}