{"id":5221,"date":"2017-11-15T18:29:05","date_gmt":"2017-11-15T18:29:05","guid":{"rendered":"http:\/\/www.andacolloconectado.cl\/?p=5221"},"modified":"2017-11-15T18:29:05","modified_gmt":"2017-11-15T18:29:05","slug":"liceo-pedro-regalado-videla-despide-a-alumnos-que-egresan-de-4-medio","status":"publish","type":"post","link":"https:\/\/www.andacolloconectado.cl\/index.php\/liceo-pedro-regalado-videla-despide-a-alumnos-que-egresan-de-4-medio\/","title":{"rendered":"Liceo  Pedro Regalado  Videla despide a alumnos  que  egresan de 4\u00b0 medio"},"content":{"rendered":"<p>El viernes pasado fue el \u00faltimo d\u00eda de clases para los 62 alumnos que egresan de los cuatro cuartos medios que tiene el Liceo Pedro Regalado Videla Ordenes, establecimiento municipal de ense\u00f1anza media de nuestra comuna.<\/p>\n<p>Esta es una ceremonia que se realiza desde hace 4 a\u00f1os y que re\u00fane por \u00faltima vez a toda la comunidad educativa para despedir a los estudiantes de la promoci\u00f3n 2017. Es una actividad en la que participan los alumnos de los otros cursos, profesores, asistentes de la educaci\u00f3n, padres y apoderados.<\/p>\n<p>Mar\u00eda Lorena Araya, directora del establecimiento se\u00f1ala que es una ceremonia de interacci\u00f3n y de entregar mensajes a cada uno de los egresados, pues cada profesor jefe hace una semblanza de sus alumnos, rescatando sus cualidades o alg\u00fan hito que lo hizo destacar, d\u00e1ndole de esta manera al acto un car\u00e1cter muy emotivo y personalizado.<\/p>\n<p>\u201cHay ciertas historias de los estudiantes que las resaltamos ahora y los pap\u00e1s vienen a retirar a sus hijos en el \u00faltimo d\u00eda de clases, as\u00ed como un d\u00eda los vinieron a dejar hoy se los llevan. Estamos muy contentos porque vinieron todos los apoderados y est\u00e1n en estas instancias finales con sus hijos\u201d concluy\u00f3 la directora.<\/p>\n","protected":false},"excerpt":{"rendered":"<p>El viernes pasado fue el \u00faltimo d\u00eda de clases para los 62 alumnos que egresan de los cuatro cuartos medios que tiene el Liceo Pedro Regalado Videla Ordenes, establecimiento municipal de ense\u00f1anza media de nuestra comuna. Esta es una ceremonia que se realiza desde hace 4 a\u00f1os y que re\u00fane por \u00faltima vez a toda [&hellip;]<\/p>\n","protected":false},"author":5,"featured_media":0,"comment_status":"open","ping_status":"open","sticky":false,"template":"","format":"standard","meta":{"_acf_changed":false,"footnotes":""},"categories":[1],"tags":[56],"acf":[],"aioseo_notices":[],"_links":{"self":[{"href":"https:\/\/www.andacolloconectado.cl\/index.php\/wp-json\/wp\/v2\/posts\/5221"}],"collection":[{"href":"https:\/\/www.andacolloconectado.cl\/index.php\/wp-json\/wp\/v2\/posts"}],"about":[{"href":"https:\/\/www.andacolloconectado.cl\/index.php\/wp-json\/wp\/v2\/types\/post"}],"author":[{"embeddable":true,"href":"https:\/\/www.andacolloconectado.cl\/index.php\/wp-json\/wp\/v2\/users\/5"}],"replies":[{"embeddable":true,"href":"https:\/\/www.andacolloconectado.cl\/index.php\/wp-json\/wp\/v2\/comments?post=5221"}],"version-history":[{"count":1,"href":"https:\/\/www.andacolloconectado.cl\/index.php\/wp-json\/wp\/v2\/posts\/5221\/revisions"}],"predecessor-version":[{"id":5223,"href":"https:\/\/www.andacolloconectado.cl\/index.php\/wp-json\/wp\/v2\/posts\/5221\/revisions\/5223"}],"wp:attachment":[{"href":"https:\/\/www.andacolloconectado.cl\/index.php\/wp-json\/wp\/v2\/media?parent=5221"}],"wp:term":[{"taxonomy":"category","embeddable":true,"href":"https:\/\/www.andacolloconectado.cl\/index.php\/wp-json\/wp\/v2\/categories?post=5221"},{"taxonomy":"post_tag","embeddable":true,"href":"https:\/\/www.andacolloconectado.cl\/index.php\/wp-json\/wp\/v2\/tags?post=5221"}],"curies":[{"name":"wp","href":"https:\/\/api.w.org\/{rel}","templated":true}]}}