{"id":5371,"date":"2017-12-07T14:58:25","date_gmt":"2017-12-07T14:58:25","guid":{"rendered":"http:\/\/www.andacolloconectado.cl\/?p=5371"},"modified":"2017-12-07T14:58:25","modified_gmt":"2017-12-07T14:58:25","slug":"iv-festival-del-cantar-vecinal-se-desarrollara-durante-el-7-y-8-de-diciembre","status":"publish","type":"post","link":"https:\/\/www.andacolloconectado.cl\/index.php\/iv-festival-del-cantar-vecinal-se-desarrollara-durante-el-7-y-8-de-diciembre\/","title":{"rendered":"IV Festival del  Cantar  Vecinal se desarrollar\u00e1 durante el  7 y  8 de diciembre"},"content":{"rendered":"<p>Esta noche a las 21 hrs, en la Plaza Nolasco Videla se dar\u00e1 el vamos a Cuarta Versi\u00f3n del Festival del Cantar Vecinal realizado por la Uni\u00f3n Comunal de Juntas de Vecinos con el apoyo de Compa\u00f1\u00eda Teck Carmen de Andacollo y el municipio local.<\/p>\n<p>Este festival vecinal en su versi\u00f3n 2017 cuenta con 29 participantes inscritos que competir\u00e1n por los primeros lugares en las categor\u00edas Infantil, Adulto y Adulto Mayor. Los premios a repartir ser\u00e1n de $250.000 para el primer lugar, $200.000 para el segundo lugar, $100.000 para el tercer lugar y $50.000 para el artista m\u00e1s popular, adem\u00e1s la Junta de Vecinos representada por el ganador en cada serie se llevar\u00e1 el mismo monto de dinero.<\/p>\n<p>Para los organizadores del evento, esta actividad es una oportunidad importante para que los cantantes aficionados de la comuna demuestren su talento, adem\u00e1s de ser una instancia de esparcimiento para todos los andacollinos, que pueden acudir a presenciar y participar de un espect\u00e1culo familiar.<\/p>\n<p>El jurado estar\u00e1 integrado por Carmen Gloria \u201cLa Rancherita\u201d, Mauro Malebr\u00e1n y Ricardo Aguilera, todos ellos artistas andacollinos. En el show se presentar\u00e1n \u201cLos Irancundos\u201d y \u201cPata Negra\u201d, la animaci\u00f3n estar\u00e1 a cargo de Andrea Campusano y Fabi\u00e1n Casanga.<\/p>\n","protected":false},"excerpt":{"rendered":"<p>Esta noche a las 21 hrs, en la Plaza Nolasco Videla se dar\u00e1 el vamos a Cuarta Versi\u00f3n del Festival del Cantar Vecinal realizado por la Uni\u00f3n Comunal de Juntas de Vecinos con el apoyo de Compa\u00f1\u00eda Teck Carmen de Andacollo y el municipio local. Este festival vecinal en su versi\u00f3n 2017 cuenta con 29 [&hellip;]<\/p>\n","protected":false},"author":5,"featured_media":0,"comment_status":"open","ping_status":"open","sticky":false,"template":"","format":"standard","meta":{"_acf_changed":false,"footnotes":""},"categories":[1],"tags":[1271,1148],"acf":[],"aioseo_notices":[],"_links":{"self":[{"href":"https:\/\/www.andacolloconectado.cl\/index.php\/wp-json\/wp\/v2\/posts\/5371"}],"collection":[{"href":"https:\/\/www.andacolloconectado.cl\/index.php\/wp-json\/wp\/v2\/posts"}],"about":[{"href":"https:\/\/www.andacolloconectado.cl\/index.php\/wp-json\/wp\/v2\/types\/post"}],"author":[{"embeddable":true,"href":"https:\/\/www.andacolloconectado.cl\/index.php\/wp-json\/wp\/v2\/users\/5"}],"replies":[{"embeddable":true,"href":"https:\/\/www.andacolloconectado.cl\/index.php\/wp-json\/wp\/v2\/comments?post=5371"}],"version-history":[{"count":1,"href":"https:\/\/www.andacolloconectado.cl\/index.php\/wp-json\/wp\/v2\/posts\/5371\/revisions"}],"predecessor-version":[{"id":5373,"href":"https:\/\/www.andacolloconectado.cl\/index.php\/wp-json\/wp\/v2\/posts\/5371\/revisions\/5373"}],"wp:attachment":[{"href":"https:\/\/www.andacolloconectado.cl\/index.php\/wp-json\/wp\/v2\/media?parent=5371"}],"wp:term":[{"taxonomy":"category","embeddable":true,"href":"https:\/\/www.andacolloconectado.cl\/index.php\/wp-json\/wp\/v2\/categories?post=5371"},{"taxonomy":"post_tag","embeddable":true,"href":"https:\/\/www.andacolloconectado.cl\/index.php\/wp-json\/wp\/v2\/tags?post=5371"}],"curies":[{"name":"wp","href":"https:\/\/api.w.org\/{rel}","templated":true}]}}