{"id":5447,"date":"2017-12-24T21:41:43","date_gmt":"2017-12-24T21:41:43","guid":{"rendered":"http:\/\/www.andacolloconectado.cl\/?p=5447"},"modified":"2017-12-24T21:41:43","modified_gmt":"2017-12-24T21:41:43","slug":"sede-vecinal-de-la-villa-santiago-es-mejorada-con-aportes-municipales-y-privados","status":"publish","type":"post","link":"https:\/\/www.andacolloconectado.cl\/index.php\/sede-vecinal-de-la-villa-santiago-es-mejorada-con-aportes-municipales-y-privados\/","title":{"rendered":"Sede vecinal de  la Villa Santiago es mejorada con aportes municipales y  privados"},"content":{"rendered":"<p>Muy contentos est\u00e1n los integrantes de la Junta de Vecinos N\u00b011 de la Villa Santiago, pues han concluido las reparaciones a su sede comunitaria y hoy pueden disfrutar de una infraestructura que brinda comodidad a los 56 socios, como asimismo al Centro de Madres que se re\u00fane all\u00ed.<\/p>\n<p>Este a\u00f1o la organizaci\u00f3n vecinal se adjudic\u00f3 la subvenci\u00f3n municipal para efectuar el mejoramiento de ventanas, puerta principal, port\u00f3n y vereda de acceso.<br \/>\nPero, para concretar todas estos arreglos, adem\u00e1s contaron con el apoyo de las empresas locales Renta Maq, Transportes Huerta, Pasmar , Supermercado Limar\u00ed y Teck CDA.<\/p>\n<p>Jorge \u00c1lvarez y Eduardo Godoy, presidente y tesorero respectivamente, se\u00f1alaron que est\u00e1n agradecidos de la colaboraci\u00f3n que recibieron de cada uno de los empresarios andacollinos, ya que su fin principal \u201ces dar comodidad a los vecinos para los eventos. Se logr\u00f3 una mejor fachada, qued\u00f3 bastante bonita y acogedora\u201d explicaron los dirigentes.<\/p>\n","protected":false},"excerpt":{"rendered":"<p>Muy contentos est\u00e1n los integrantes de la Junta de Vecinos N\u00b011 de la Villa Santiago, pues han concluido las reparaciones a su sede comunitaria y hoy pueden disfrutar de una infraestructura que brinda comodidad a los 56 socios, como asimismo al Centro de Madres que se re\u00fane all\u00ed. Este a\u00f1o la organizaci\u00f3n vecinal se adjudic\u00f3 [&hellip;]<\/p>\n","protected":false},"author":5,"featured_media":0,"comment_status":"open","ping_status":"open","sticky":false,"template":"","format":"standard","meta":{"_acf_changed":false,"footnotes":""},"categories":[1],"tags":[212],"acf":[],"aioseo_notices":[],"_links":{"self":[{"href":"https:\/\/www.andacolloconectado.cl\/index.php\/wp-json\/wp\/v2\/posts\/5447"}],"collection":[{"href":"https:\/\/www.andacolloconectado.cl\/index.php\/wp-json\/wp\/v2\/posts"}],"about":[{"href":"https:\/\/www.andacolloconectado.cl\/index.php\/wp-json\/wp\/v2\/types\/post"}],"author":[{"embeddable":true,"href":"https:\/\/www.andacolloconectado.cl\/index.php\/wp-json\/wp\/v2\/users\/5"}],"replies":[{"embeddable":true,"href":"https:\/\/www.andacolloconectado.cl\/index.php\/wp-json\/wp\/v2\/comments?post=5447"}],"version-history":[{"count":1,"href":"https:\/\/www.andacolloconectado.cl\/index.php\/wp-json\/wp\/v2\/posts\/5447\/revisions"}],"predecessor-version":[{"id":5449,"href":"https:\/\/www.andacolloconectado.cl\/index.php\/wp-json\/wp\/v2\/posts\/5447\/revisions\/5449"}],"wp:attachment":[{"href":"https:\/\/www.andacolloconectado.cl\/index.php\/wp-json\/wp\/v2\/media?parent=5447"}],"wp:term":[{"taxonomy":"category","embeddable":true,"href":"https:\/\/www.andacolloconectado.cl\/index.php\/wp-json\/wp\/v2\/categories?post=5447"},{"taxonomy":"post_tag","embeddable":true,"href":"https:\/\/www.andacolloconectado.cl\/index.php\/wp-json\/wp\/v2\/tags?post=5447"}],"curies":[{"name":"wp","href":"https:\/\/api.w.org\/{rel}","templated":true}]}}