{"id":5521,"date":"2018-01-10T18:47:49","date_gmt":"2018-01-10T18:47:49","guid":{"rendered":"http:\/\/www.andacolloconectado.cl\/?p=5521"},"modified":"2018-01-10T18:48:25","modified_gmt":"2018-01-10T18:48:25","slug":"familias-elquinas-beneficiadas-por-el-programa-turismo-familiar-visitan-andacollo","status":"publish","type":"post","link":"https:\/\/www.andacolloconectado.cl\/index.php\/familias-elquinas-beneficiadas-por-el-programa-turismo-familiar-visitan-andacollo\/","title":{"rendered":"Familias elquinas beneficiadas por el Programa Turismo Familiar visitan Andacollo"},"content":{"rendered":"<p>Desde esta semana se dio inicio en nuestra comuna al Programa de Turismo Familiar impulsado por el<a href=\"https:\/\/www.sernatur.cl\"> Servicio Nacional de Turismo (Sernatur<\/a>), siendo Andacollo uno de los destinos vacacionales para familias provenientes de otras ciudades de la regi\u00f3n.<\/p>\n<p>En esta ocasi\u00f3n el primer grupo de 35 visitantes proviene del Valle de Elqui, especialmente de la comuna de Paihuano, estar\u00e1n hasta el s\u00e1bado en nuestra comuna conociendo sus atractivos tur\u00edsticos y se alojan en el hotel Kullu Kury y en el hostal Urku Inti.<\/p>\n<p>El desarrollo de este Programa ha sido implementado por la Oficina de Turismo Municipal quienes desde hace 2 a\u00f1os han trabajado con los empresarios de los hospedajes para recibir a los grupos familiares que llegan a nuestra comuna tanto en vacaciones de invierno como en verano.<\/p>\n<p>Cristian Cofr\u00e9, de la agencia Ovi Travel se\u00f1al\u00f3 que van a estar por cinco d\u00edas en Andacollo y las visitas a los atractivos tur\u00edsticos contemplan un circuito por los trapiches, la Bas\u00edlica, Museo, Templo Parroquial y la Plaza. El gu\u00eda a\u00f1adi\u00f3 que \u201chay actividades nocturnas con el grupo, hay karaoke, bingo y otras actividades en Guanaqueros, Tongoy y Ovalle, para las personas que vienen de Pisco Elqui, Horc\u00f3n, Quebrada de Pinto, El Colorado y Paihuano\u201d.<\/p>\n<p>Una de las turistas, la se\u00f1ora Ximena Fern\u00e1ndez de Quebrada de Pinto, se\u00f1al\u00f3 que se ha llevado una grata experiencia al visitar Andacollo, \u201cpues ha sido muy interesante ver como se realiza el proceso artesanal de obtenci\u00f3n del oro y la atenci\u00f3n del hotel ha sido excelente\u201d.<\/p>\n<p>Cabe consignar que el Programa Turismo Familiar es una iniciativa de Gobierno a trav\u00e9s de la cual se subsidia el 95% de paquetes tur\u00edsticos modalidad todo incluido, con el prop\u00f3sito que las familias puedan conocer diferentes destinos dentro de su regi\u00f3n. Est\u00e1 dirigido a familias cuyos integrantes sean chilenos o extranjeros residentes permanentes en Chile, que se encuentren dentro del 60% de vulnerabilidad socioecon\u00f3mica seg\u00fan el Registro Social de Hogares.<\/p>\n","protected":false},"excerpt":{"rendered":"<p>Desde esta semana se dio inicio en nuestra comuna al Programa de Turismo Familiar impulsado por el Servicio Nacional de Turismo (Sernatur), siendo Andacollo uno de los destinos vacacionales para familias provenientes de otras ciudades de la regi\u00f3n. En esta ocasi\u00f3n el primer grupo de 35 visitantes proviene del Valle de Elqui, especialmente de la [&hellip;]<\/p>\n","protected":false},"author":6,"featured_media":0,"comment_status":"open","ping_status":"open","sticky":false,"template":"","format":"standard","meta":{"_acf_changed":false,"footnotes":""},"categories":[1],"tags":[1305,1306,212],"acf":[],"aioseo_notices":[],"_links":{"self":[{"href":"https:\/\/www.andacolloconectado.cl\/index.php\/wp-json\/wp\/v2\/posts\/5521"}],"collection":[{"href":"https:\/\/www.andacolloconectado.cl\/index.php\/wp-json\/wp\/v2\/posts"}],"about":[{"href":"https:\/\/www.andacolloconectado.cl\/index.php\/wp-json\/wp\/v2\/types\/post"}],"author":[{"embeddable":true,"href":"https:\/\/www.andacolloconectado.cl\/index.php\/wp-json\/wp\/v2\/users\/6"}],"replies":[{"embeddable":true,"href":"https:\/\/www.andacolloconectado.cl\/index.php\/wp-json\/wp\/v2\/comments?post=5521"}],"version-history":[{"count":3,"href":"https:\/\/www.andacolloconectado.cl\/index.php\/wp-json\/wp\/v2\/posts\/5521\/revisions"}],"predecessor-version":[{"id":5525,"href":"https:\/\/www.andacolloconectado.cl\/index.php\/wp-json\/wp\/v2\/posts\/5521\/revisions\/5525"}],"wp:attachment":[{"href":"https:\/\/www.andacolloconectado.cl\/index.php\/wp-json\/wp\/v2\/media?parent=5521"}],"wp:term":[{"taxonomy":"category","embeddable":true,"href":"https:\/\/www.andacolloconectado.cl\/index.php\/wp-json\/wp\/v2\/categories?post=5521"},{"taxonomy":"post_tag","embeddable":true,"href":"https:\/\/www.andacolloconectado.cl\/index.php\/wp-json\/wp\/v2\/tags?post=5521"}],"curies":[{"name":"wp","href":"https:\/\/api.w.org\/{rel}","templated":true}]}}