{"id":5595,"date":"2018-01-19T20:47:46","date_gmt":"2018-01-19T20:47:46","guid":{"rendered":"http:\/\/www.andacolloconectado.cl\/?p=5595"},"modified":"2018-01-19T20:47:46","modified_gmt":"2018-01-19T20:47:46","slug":"vecinos-del-barrio-norte-asistieron-con-mucha-alegria-a-la-inauguracion-de-obras-de-mejoramiento-del-zigzag","status":"publish","type":"post","link":"https:\/\/www.andacolloconectado.cl\/index.php\/vecinos-del-barrio-norte-asistieron-con-mucha-alegria-a-la-inauguracion-de-obras-de-mejoramiento-del-zigzag\/","title":{"rendered":"Vecinos del Barrio Norte asistieron con mucha alegr\u00eda a la inauguraci\u00f3n de obras de mejoramiento del zigzag \u00a0"},"content":{"rendered":"<p><b><\/b><span style=\"font-weight: 400;\">En presencia de \u00a0vecinos \u00a0y \u00a0autoridades comunales, se efectu\u00f3 la inauguraci\u00f3n de las obras de mejoramiento \u00a0del espacio p\u00fablico ubicado \u00a0en el zigzag del Barrio Norte de la calle Esmeralda.<\/span><\/p>\n<p><span style=\"font-weight: 400;\">Estas obras que \u00a0comenzaron a ejecutarse en el mes de agosto incluyeron la instalaci\u00f3n de juegos, m\u00e1quinas de ejercicios, mesas y \u00a0un mosaico pintado que \u00a0representa la religiosidad y \u00a0miner\u00eda. Con lo \u00a0cual \u00a0se quiere rescatar \u00a0el patrimonio \u00a0de nuestra comuna y que pueda convertirse en \u00a0una atracci\u00f3n para \u00a0visitar por turistas y \u00a0por andacollinos de otros sectores.<\/span><\/p>\n<p><span style=\"font-weight: 400;\">La \u00a0recuperaci\u00f3n y\u00a0 embellecimiento de este sector \u00a0fue \u00a0posible gracias al \u00a0trabajo \u00a0mancomunado de los \u00a0propios vecinos quienes con su \u00a0perseverancia y entusiasmo lograron el financiamiento del <a href=\"http:\/\/www.andacollochile.cl\/portal\/\">Municipio<\/a>, de <a href=\"http:\/\/www.fosis.gob.cl\/Paginas\/Inicio.aspx\">Fosis <\/a>y \u00a0de Compa\u00f1\u00eda <a href=\"http:\/\/www.teckchile.com\/Generic.aspx?portalName=tc&amp;PAGE=Teck+Chile+Site%2fCarmen+de+Andacollo\">Teck Carmen de Andacollo<\/a>.<\/span><\/p>\n<p><span style=\"font-weight: 400;\">Juan Carlos Alfaro, \u00a0Alcalde de la comuna, indic\u00f3 \u00a0que \u201cpara nosotros siempre \u00a0va hacer muy \u00a0importante \u00a0inaugurar una obra de \u00a0mejoramiento de espacio p\u00fablico, porque significa mejorar la calidad de \u00a0vida de las personas. As\u00ed que estamos muy \u00a0contentos de participar y \u00a0colaborar \u00a0en este \u00a0proyecto\u201d. Por otra parte, la habilitaci\u00f3n de \u00a0espacios p\u00fablicos genera una mayor \u00a0seguridad al instalar luminarias y \u00e1reas verdes, \u00a0a la vez la comunidad tiene un lugar de esparcimiento \u00a0y \u00a0encuentro con sus \u00a0vecinos.<\/span><\/p>\n<p><span style=\"font-weight: 400;\">El Gerente de Gesti\u00f3n Comunitaria de Teck, Paulo Barraza se\u00f1al\u00f3 \u201ces \u00a0muy \u00a0importante \u00a0poder participar \u00a0en este \u00a0proyecto porque nace desde la \u00a0misma \u00a0ciudadan\u00eda, son los \u00a0\u00a0mismos \u00a0dirigentes quienes se acercan a Teck para presentar \u00a0un proyecto que buscaba mejorar un espacio \u00a0p\u00fablico. \u00a0Se gener\u00f3 el espacio de poder dialogar con ellos y \u00a0llegar a una soluci\u00f3n para \u00a0poder darle una mejora a la \u00a0calidad de vida de este \u00a0sector\u201d. \u00a0<\/span><\/p>\n<p><span style=\"font-weight: 400;\">La presidenta de la \u00a0Junta de Vecinos N\u00b03 del Barrio \u00a0Norte, Vilma Vergara dijo \u00a0que est\u00e1 muy feliz y \u00a0orgullosa de conseguir \u00a0este mejoramiento en infraestructura, porque ha permitido que los ni\u00f1os jueguen, que \u00a0los adultos \u00a0mayores se junten a tomar mate y que en \u00a0la noche de a\u00f1o \u00a0nuevo \u00a0fue \u00a0un punto de \u00a0celebraci\u00f3n para los vecinos del sector.<\/span><\/p>\n","protected":false},"excerpt":{"rendered":"<p>En presencia de \u00a0vecinos \u00a0y \u00a0autoridades comunales, se efectu\u00f3 la inauguraci\u00f3n de las obras de mejoramiento \u00a0del espacio p\u00fablico ubicado \u00a0en el zigzag del Barrio Norte de la calle Esmeralda. Estas obras que \u00a0comenzaron a ejecutarse en el mes de agosto incluyeron la instalaci\u00f3n de juegos, m\u00e1quinas de ejercicios, mesas y \u00a0un mosaico pintado que [&hellip;]<\/p>\n","protected":false},"author":6,"featured_media":0,"comment_status":"open","ping_status":"open","sticky":false,"template":"","format":"standard","meta":{"_acf_changed":false,"footnotes":""},"categories":[1],"tags":[1337,267,1148,1244],"acf":[],"aioseo_notices":[],"_links":{"self":[{"href":"https:\/\/www.andacolloconectado.cl\/index.php\/wp-json\/wp\/v2\/posts\/5595"}],"collection":[{"href":"https:\/\/www.andacolloconectado.cl\/index.php\/wp-json\/wp\/v2\/posts"}],"about":[{"href":"https:\/\/www.andacolloconectado.cl\/index.php\/wp-json\/wp\/v2\/types\/post"}],"author":[{"embeddable":true,"href":"https:\/\/www.andacolloconectado.cl\/index.php\/wp-json\/wp\/v2\/users\/6"}],"replies":[{"embeddable":true,"href":"https:\/\/www.andacolloconectado.cl\/index.php\/wp-json\/wp\/v2\/comments?post=5595"}],"version-history":[{"count":1,"href":"https:\/\/www.andacolloconectado.cl\/index.php\/wp-json\/wp\/v2\/posts\/5595\/revisions"}],"predecessor-version":[{"id":5597,"href":"https:\/\/www.andacolloconectado.cl\/index.php\/wp-json\/wp\/v2\/posts\/5595\/revisions\/5597"}],"wp:attachment":[{"href":"https:\/\/www.andacolloconectado.cl\/index.php\/wp-json\/wp\/v2\/media?parent=5595"}],"wp:term":[{"taxonomy":"category","embeddable":true,"href":"https:\/\/www.andacolloconectado.cl\/index.php\/wp-json\/wp\/v2\/categories?post=5595"},{"taxonomy":"post_tag","embeddable":true,"href":"https:\/\/www.andacolloconectado.cl\/index.php\/wp-json\/wp\/v2\/tags?post=5595"}],"curies":[{"name":"wp","href":"https:\/\/api.w.org\/{rel}","templated":true}]}}