{"id":5631,"date":"2018-02-02T17:40:27","date_gmt":"2018-02-02T17:40:27","guid":{"rendered":"http:\/\/www.andacolloconectado.cl\/?p=5631"},"modified":"2018-02-02T21:38:12","modified_gmt":"2018-02-02T21:38:12","slug":"teck-informa-sobre-traslado-de-carga-sobredimensionada-por-ruta-d-51-2","status":"publish","type":"post","link":"https:\/\/www.andacolloconectado.cl\/index.php\/teck-informa-sobre-traslado-de-carga-sobredimensionada-por-ruta-d-51-2\/","title":{"rendered":"Teck informa sobre traslado de carga  sobredimensionada por Ruta D-51"},"content":{"rendered":"<p style=\"text-align: justify;\"><b>Andacollo.- <\/b><span style=\"font-weight: 400;\">Con el prop\u00f3sito de dar cumplimiento al lineamiento de contacto permanente con la comunidad, Teck Carmen de Andacollo informa a toda la comunidad que el martes 6 de febrero se realizar\u00e1 un traslado de carga sobredimensionada desde Andacollo por Ruta D-51, el que estar\u00e1 a cargo de la empresa contratista Rentamaq.<\/span><\/p>\n<p style=\"text-align: justify;\"><span style=\"font-weight: 400;\">Lo anterior, se realizar\u00e1 de acuerdo a toda la normativa legal y de seguridad establecida por la autoridad y por nuestra compa\u00f1\u00eda. Se contar\u00e1 con el apoyo de escoltas de la empresa contratista.<\/span><\/p>\n<p style=\"text-align: justify;\"><span style=\"font-weight: 400;\">El traslado se efectuar\u00e1 desde las 15:30 horas, y contempla las respectivas detenciones en aquellos lugares considerados seguros. Por lo mismo, desde ya, se agradece la comprensi\u00f3n a todos los vecinos ante este proceso de traslado, y se avisa para que lo consideren en su rutina en caso que deban transitar por la Ruta D-51.<\/span><\/p>\n<p style=\"text-align: justify;\"><span style=\"font-weight: 400;\">A nombre la empresa contratista Rentamaq y Teck Carmen de Andacollo expresamos nuestras excusas por las incomodidades que podamos causar.<\/span><\/p>\n","protected":false},"excerpt":{"rendered":"<p>Andacollo.- Con el prop\u00f3sito de dar cumplimiento al lineamiento de contacto permanente con la comunidad, Teck Carmen de Andacollo informa a toda la comunidad que el martes 6 de febrero se realizar\u00e1 un traslado de carga sobredimensionada desde Andacollo por Ruta D-51, el que estar\u00e1 a cargo de la empresa contratista Rentamaq. Lo anterior, se [&hellip;]<\/p>\n","protected":false},"author":6,"featured_media":0,"comment_status":"open","ping_status":"open","sticky":false,"template":"","format":"standard","meta":{"_acf_changed":false,"footnotes":""},"categories":[1],"tags":[1349,1348,212,1350],"acf":[],"aioseo_notices":[],"_links":{"self":[{"href":"https:\/\/www.andacolloconectado.cl\/index.php\/wp-json\/wp\/v2\/posts\/5631"}],"collection":[{"href":"https:\/\/www.andacolloconectado.cl\/index.php\/wp-json\/wp\/v2\/posts"}],"about":[{"href":"https:\/\/www.andacolloconectado.cl\/index.php\/wp-json\/wp\/v2\/types\/post"}],"author":[{"embeddable":true,"href":"https:\/\/www.andacolloconectado.cl\/index.php\/wp-json\/wp\/v2\/users\/6"}],"replies":[{"embeddable":true,"href":"https:\/\/www.andacolloconectado.cl\/index.php\/wp-json\/wp\/v2\/comments?post=5631"}],"version-history":[{"count":1,"href":"https:\/\/www.andacolloconectado.cl\/index.php\/wp-json\/wp\/v2\/posts\/5631\/revisions"}],"predecessor-version":[{"id":5632,"href":"https:\/\/www.andacolloconectado.cl\/index.php\/wp-json\/wp\/v2\/posts\/5631\/revisions\/5632"}],"wp:attachment":[{"href":"https:\/\/www.andacolloconectado.cl\/index.php\/wp-json\/wp\/v2\/media?parent=5631"}],"wp:term":[{"taxonomy":"category","embeddable":true,"href":"https:\/\/www.andacolloconectado.cl\/index.php\/wp-json\/wp\/v2\/categories?post=5631"},{"taxonomy":"post_tag","embeddable":true,"href":"https:\/\/www.andacolloconectado.cl\/index.php\/wp-json\/wp\/v2\/tags?post=5631"}],"curies":[{"name":"wp","href":"https:\/\/api.w.org\/{rel}","templated":true}]}}