{"id":5665,"date":"2018-02-06T12:17:47","date_gmt":"2018-02-06T12:17:47","guid":{"rendered":"http:\/\/www.andacolloconectado.cl\/?p=5665"},"modified":"2018-02-06T12:17:47","modified_gmt":"2018-02-06T12:17:47","slug":"las-tradiciones-chilenas-encantaron-a-los-andacollinos-en-una-nueva-edicion-de-la-trilla-a-yegua-suelta","status":"publish","type":"post","link":"https:\/\/www.andacolloconectado.cl\/index.php\/las-tradiciones-chilenas-encantaron-a-los-andacollinos-en-una-nueva-edicion-de-la-trilla-a-yegua-suelta\/","title":{"rendered":"Las tradiciones chilenas encantaron a los andacollinos en una nueva edici\u00f3n de la Trilla a Yegua Suelta"},"content":{"rendered":"<p style=\"text-align: justify;\"><b>Un fin de semana repleto de actividades relacionadas con nuestras costumbres campesinas fue el que disfrutaron quienes asistieron a la actividad organizada por el Club de Huasos de Andacollo y financiada por Minera Teck Carmen de Andacollo.<\/b><\/p>\n<p style=\"text-align: justify;\">\n<p style=\"text-align: justify;\"><span style=\"font-weight: 400;\">Todo un \u00e9xito fue la XIV versi\u00f3n de la Fiesta Patrimonial Costumbrista Trilla a Yegua Suelta. Esta tradicional celebraci\u00f3n se inici\u00f3 el s\u00e1bado 3 con la venta de almuerzos en la sede del Rancho Criollo del Club de Huaso, actividad que fue amenizada musicalmente por el Grupo Folcl\u00f3rico \u00abA los Cuatro Vientos\u00bb, y con danza a cargo de la Rama Folcl\u00f3rica del Club de Huaso Andacollo, jornada que culmin\u00f3 con un gran bailable amenizado por los grupos Los Dados y Oro Norte\u00f1o.<\/span><\/p>\n<p style=\"text-align: justify;\"><span style=\"font-weight: 400;\">El domingo 4, las actividades incluyeron una Santa Misa a la Chilena, presidida por el P\u00e1rroco y Rector del Santuario de Andacollo Padre Adam Bartizol y culminada la misa, se realiz\u00f3 la procesi\u00f3n con la imagen de la Virgen Peregrina y San Isidro, patrono de los campesinos y agricultores. <\/span><\/p>\n<p style=\"text-align: justify;\"><span style=\"font-weight: 400;\">En la tarde se realiz\u00f3 la ceremonia oficial de la Trilla con la presencia del alcalde de Andacollo Juan Carlos Alfaro, el P\u00e1rroco y representantes de Compa\u00f1\u00eda Minera Teck Cda. En esta ocasi\u00f3n, se bendijo la era y se realiz\u00f3 la trilla del Silencio en memoria de los integrantes del club de huaso fallecidos, para luego dar paso a la presentaci\u00f3n del artista nacional Jorge Y\u00e1\u00f1ez de vasta trayectoria musical.<\/span><\/p>\n<p style=\"text-align: justify;\"><span style=\"font-weight: 400;\">La fiesta continu\u00f3 con la elecci\u00f3n de la Reina de la Trilla y el Rey de la Paja, corona que recay\u00f3 en Hilda Pereira y Ernesto Pizarro.<\/span><\/p>\n<p style=\"text-align: justify;\"><span style=\"font-weight: 400;\">Luego de recibir el galard\u00f3n como reina de la Trilla, Hilda Pereira coment\u00f3 que \u201cnunca pens\u00e9 que iba a ganar. Ven\u00eda a relajarme como siempre lo hago ac\u00e1, pero nunca pens\u00e9 que me iba a llevar este reconocimiento, el amor y el aprecio de la gente. Gracias por todo\u201d.<\/span><\/p>\n<p style=\"text-align: justify;\"><span style=\"font-weight: 400;\">Adem\u00e1s, se entregaron reconocimientos a integrantes del Club de Huasos que han aportado a la realizaci\u00f3n de esta actividad y se present\u00f3 una familia chinchinera que fue calurosamente aplaudida por los asistentes.<\/span><\/p>\n<p style=\"text-align: justify;\"><span style=\"font-weight: 400;\">La trilla a Yegua Suelta es una actividad organizada por el Club de Huasos Andacollo, financiada por Minera Teck CDA, patrocinada por el municipio andacollino y fue animada por Esmildo Past\u00e9n, destacado folclorista de Andacollo y Gina Videla y, adem\u00e1s, se transmiti\u00f3 en vivo y en directo desde el Rancho Criollo por el canal Andacollo Se\u00f1al 6.<\/span><\/p>\n<p style=\"text-align: justify;\"><span style=\"font-weight: 400;\">Respecto de la actividad, el alcalde de Andacollo, Juan Carlos Alfaro, valor\u00f3 el trabajo realizado por el Club de Huasos y expres\u00f3 que \u201clos felicito por haber llevado adelante esta actividad y, adem\u00e1s a toda la gente a que le gustan las actividades campesinas\u201d.<\/span><\/p>\n<p style=\"text-align: justify;\"><span style=\"font-weight: 400;\">Por su parte, Paulo Barraza, Gerente de Comunidades de Minera Teck Carmen de Andacollo, expres\u00f3 que \u201cpara Teck es muy importante poder seguir aportando en todo lo que significa mantener nuestras tradiciones, apoyar como un vecino m\u00e1s de la comuna, para que se pueda realizar esta actividad. Hay que sacarse el sombrero por el Club de Huasos, pues lo ha hecho muy bien, estuvo todo muy bien organizado y ordenado. Estas jornadas reflejaron todo el sacrificio que han hecho y si es necesario seguir apoy\u00e1ndolos, lo seguiremos haciendo\u201d. Adem\u00e1s, Barraza se\u00f1al\u00f3 que el componente de protecci\u00f3n medioambiental, con actividad y espacios para el reciclaje, fue sumamente importante y felicit\u00f3 a la comunidad por mantener limpio el lugar en el que se desarroll\u00f3 la actividad e invit\u00f3 a los andacollinos a continuar por el camino del cuidado del entorno y la sustentabilidad.<\/span><\/p>\n<p style=\"text-align: justify;\"><span style=\"font-weight: 400;\">Los organizadores, el Club de Huasos de Andacollo, agradecieron a quienes asistieron durante el fin de semana a disfrutar de las tradiciones patrias. Su presidente, Ra\u00fal Antiquera, coment\u00f3 a Andacollo Conectado que \u201cestamos muy felices de haber concluido esta nueva edici\u00f3n de la Trilla a Yegua Suelta. Gustosos por la presentaci\u00f3n de Jorge Y\u00e1\u00f1ez, porque fue una maravilla de tenerlo aqu\u00ed y nos sentimos orgullosos como instituci\u00f3n. La Agrupaci\u00f3n \u00a0A los 4 Vientos lo hizo muy bien y cumpli\u00f3 nuestras expectativas. Agradecemos a la comunidad por confiar en nuestro trabajo y por su comportamiento en general. Nos prefirieron durante todo el fin de semana y eso lo agradecemos\u201d.<\/span><\/p>\n<p style=\"text-align: justify;\"><span style=\"font-weight: 400;\">Para los asistentes a la actividad, la Trilla fue una oportunidad de encontrarse con las m\u00e1s arraigadas tradiciones del campo chileno. As\u00ed lo expres\u00f3 Teresa Aeult, folclorista andacollina de larga trayectoria, quien se\u00f1al\u00f3 que \u201cpara m\u00ed el folclor es todo. Aunque ahora no hago folclor, sigo apoyando todo lo que m\u00e1s pueda. Estuvo muy bien, hubo mucha gente \u00a0est\u00e1n todos felices\u201d.<\/span><\/p>\n<p style=\"text-align: justify;\">\n","protected":false},"excerpt":{"rendered":"<p>Un fin de semana repleto de actividades relacionadas con nuestras costumbres campesinas fue el que disfrutaron quienes asistieron a la actividad organizada por el Club de Huasos de Andacollo y financiada por Minera Teck Carmen de Andacollo. Todo un \u00e9xito fue la XIV versi\u00f3n de la Fiesta Patrimonial Costumbrista Trilla a Yegua Suelta. Esta tradicional [&hellip;]<\/p>\n","protected":false},"author":6,"featured_media":0,"comment_status":"open","ping_status":"open","sticky":false,"template":"","format":"standard","meta":{"_acf_changed":false,"footnotes":""},"categories":[1],"tags":[1330,1140,1332],"acf":[],"aioseo_notices":[],"_links":{"self":[{"href":"https:\/\/www.andacolloconectado.cl\/index.php\/wp-json\/wp\/v2\/posts\/5665"}],"collection":[{"href":"https:\/\/www.andacolloconectado.cl\/index.php\/wp-json\/wp\/v2\/posts"}],"about":[{"href":"https:\/\/www.andacolloconectado.cl\/index.php\/wp-json\/wp\/v2\/types\/post"}],"author":[{"embeddable":true,"href":"https:\/\/www.andacolloconectado.cl\/index.php\/wp-json\/wp\/v2\/users\/6"}],"replies":[{"embeddable":true,"href":"https:\/\/www.andacolloconectado.cl\/index.php\/wp-json\/wp\/v2\/comments?post=5665"}],"version-history":[{"count":1,"href":"https:\/\/www.andacolloconectado.cl\/index.php\/wp-json\/wp\/v2\/posts\/5665\/revisions"}],"predecessor-version":[{"id":5667,"href":"https:\/\/www.andacolloconectado.cl\/index.php\/wp-json\/wp\/v2\/posts\/5665\/revisions\/5667"}],"wp:attachment":[{"href":"https:\/\/www.andacolloconectado.cl\/index.php\/wp-json\/wp\/v2\/media?parent=5665"}],"wp:term":[{"taxonomy":"category","embeddable":true,"href":"https:\/\/www.andacolloconectado.cl\/index.php\/wp-json\/wp\/v2\/categories?post=5665"},{"taxonomy":"post_tag","embeddable":true,"href":"https:\/\/www.andacolloconectado.cl\/index.php\/wp-json\/wp\/v2\/tags?post=5665"}],"curies":[{"name":"wp","href":"https:\/\/api.w.org\/{rel}","templated":true}]}}