{"id":5671,"date":"2018-02-06T14:32:52","date_gmt":"2018-02-06T14:32:52","guid":{"rendered":"http:\/\/www.andacolloconectado.cl\/?p=5671"},"modified":"2018-02-06T14:32:52","modified_gmt":"2018-02-06T14:32:52","slug":"encuentro-convoco-a-bandas-de-rock-andacollinas-y-de-la-region","status":"publish","type":"post","link":"https:\/\/www.andacolloconectado.cl\/index.php\/encuentro-convoco-a-bandas-de-rock-andacollinas-y-de-la-region\/","title":{"rendered":"Encuentro convoc\u00f3 a bandas de rock andacollinas y de la regi\u00f3n"},"content":{"rendered":"<p style=\"text-align: justify;\"><b>El objetivo del Festival La Riota Rock es entregar m\u00e1s espacios a artistas locales para que muestren su m\u00fasica y m\u00e1s espacios para disfrutar del arte en la comuna.<\/b><\/p>\n<p style=\"text-align: justify;\">\n<p style=\"text-align: justify;\"><span style=\"font-weight: 400;\">El pasado s\u00e1bado se realiz\u00f3 en el Paseo Amen\u00e1bar el 2\u00b0 Encuentro de Bandas Emergentes de Andacollo, actividad organizada por la agrupaci\u00f3n La Riota Rock, que cont\u00f3 con la participaci\u00f3n de ocho bandas emergentes locales, adem\u00e1s de grupos de La Serena, Coquimbo y Ovalle. Vicente Godoy, presidente de la Agrupaci\u00f3n La Riota Rock, organizadores del evento, comenta que la idea de realizar un encuentro de bandas regionales surge en 2012 pero, por distintas razones, entre ellas la falta de recursos, en los a\u00f1os siguientes no fue posible desarrollarla.<\/span><\/p>\n<p style=\"text-align: justify;\"><span style=\"font-weight: 400;\">En esta ocasi\u00f3n, el encuentro La Riota Rock tuvo el apoyo del municipio y, como se\u00f1ala Godoy, \u201cse han presentado bandas y solistas andacollinos muy buenos y de diferentes estilos. Esta iniciativa quiere avanzar, quiere llegar a la gente y que todos entiendan que hay una gran diversidad, desde lo m\u00e1s suave a lo m\u00e1s pesado\u201d.<\/span><\/p>\n<p style=\"text-align: justify;\"><span style=\"font-weight: 400;\">Prueba de esta diversidad, es que en el encuentro se presentaron bandas de diversos estilos, rock and roll, punk, grunge, metal, pop rock y hard rock y la invitaci\u00f3n de los organizadores es a estar atentos y seguir apoyando a las bandas locales. Los artistas emergentes que participaron en este encuentro son Rockbailler, Sebasti\u00e1n Jim\u00e9nez, Sin Ofender y Neutrone MC de Andacollo, Colateral de La Serena, ULK e Insurgentes-K de Coquimbo, adem\u00e1s de la banda Fausto Not Disco, de Ovalle. <\/span><\/p>\n","protected":false},"excerpt":{"rendered":"<p>El objetivo del Festival La Riota Rock es entregar m\u00e1s espacios a artistas locales para que muestren su m\u00fasica y m\u00e1s espacios para disfrutar del arte en la comuna. El pasado s\u00e1bado se realiz\u00f3 en el Paseo Amen\u00e1bar el 2\u00b0 Encuentro de Bandas Emergentes de Andacollo, actividad organizada por la agrupaci\u00f3n La Riota Rock, que [&hellip;]<\/p>\n","protected":false},"author":6,"featured_media":0,"comment_status":"open","ping_status":"open","sticky":false,"template":"","format":"standard","meta":{"_acf_changed":false,"footnotes":""},"categories":[1],"tags":[1375,1377,1376],"acf":[],"aioseo_notices":[],"_links":{"self":[{"href":"https:\/\/www.andacolloconectado.cl\/index.php\/wp-json\/wp\/v2\/posts\/5671"}],"collection":[{"href":"https:\/\/www.andacolloconectado.cl\/index.php\/wp-json\/wp\/v2\/posts"}],"about":[{"href":"https:\/\/www.andacolloconectado.cl\/index.php\/wp-json\/wp\/v2\/types\/post"}],"author":[{"embeddable":true,"href":"https:\/\/www.andacolloconectado.cl\/index.php\/wp-json\/wp\/v2\/users\/6"}],"replies":[{"embeddable":true,"href":"https:\/\/www.andacolloconectado.cl\/index.php\/wp-json\/wp\/v2\/comments?post=5671"}],"version-history":[{"count":1,"href":"https:\/\/www.andacolloconectado.cl\/index.php\/wp-json\/wp\/v2\/posts\/5671\/revisions"}],"predecessor-version":[{"id":5675,"href":"https:\/\/www.andacolloconectado.cl\/index.php\/wp-json\/wp\/v2\/posts\/5671\/revisions\/5675"}],"wp:attachment":[{"href":"https:\/\/www.andacolloconectado.cl\/index.php\/wp-json\/wp\/v2\/media?parent=5671"}],"wp:term":[{"taxonomy":"category","embeddable":true,"href":"https:\/\/www.andacolloconectado.cl\/index.php\/wp-json\/wp\/v2\/categories?post=5671"},{"taxonomy":"post_tag","embeddable":true,"href":"https:\/\/www.andacolloconectado.cl\/index.php\/wp-json\/wp\/v2\/tags?post=5671"}],"curies":[{"name":"wp","href":"https:\/\/api.w.org\/{rel}","templated":true}]}}