{"id":5730,"date":"2018-02-16T13:18:39","date_gmt":"2018-02-16T13:18:39","guid":{"rendered":"http:\/\/www.andacolloconectado.cl\/?p=5730"},"modified":"2018-02-16T13:18:39","modified_gmt":"2018-02-16T13:18:39","slug":"con-el-yoga-aprendio-a-ejercitar-cuerpo-mente-y-alma","status":"publish","type":"post","link":"https:\/\/www.andacolloconectado.cl\/index.php\/con-el-yoga-aprendio-a-ejercitar-cuerpo-mente-y-alma\/","title":{"rendered":"Con el yoga aprendi\u00f3 a ejercitar cuerpo, mente y alma"},"content":{"rendered":"<p><strong>Camila Rojas fue diagnosticada con c\u00e1ncer a la tiroides a los 25 a\u00f1os. Actualmente tiene 30 y no solo logr\u00f3 superar la enfermedad, sino que se dedica a impartir clases de yoga a la comunidad, con el fin de compartir con personas en la misma situaci\u00f3n, la gran ayuda que la disciplina puede entregar al proceso de recuperaci\u00f3n.<\/strong><\/p>\n<p><span style=\"font-weight: 400;\">La enfermedad se le detect\u00f3 a muy temprana edad y fue el tratamiento de esta lo que gener\u00f3 una serie de cambios en su cuerpo. Pese a que el c\u00e1ncer de tiroides tiene un buen diagn\u00f3stico, el proceso de recuperaci\u00f3n \u00a0se puede volver largo y con permanentes riesgos de reca\u00edda. Tal como Camila lo expresa, la enfermedad no solo se manifiesta en un \u00e1mbito f\u00edsico, sino que tambi\u00e9n emocional y es ah\u00ed donde el yoga entr\u00f3 a jugar un papel fundamental.<\/span><\/p>\n<p><span style=\"font-weight: 400;\">Fue a ra\u00edz de esto que decidi\u00f3, no solo practicar el yoga para s\u00ed misma, sino que se especializ\u00f3 como instructora y profesora de la disciplina. Actualmente realiza clases a personas que sufren o han sufrido esta misma enfermedad. Sus primeras clases fueron en Andacollo y fueron dirigidas a las personas de la Agrupaci\u00f3n Oncol\u00f3gica de la comuna. \u201cCon el c\u00e1ncer hay dos caminos, uno decide sanarse o te entregas a la enfermedad, entonces cuando uno ve a una persona que ya lo ha combatido y se ha curado, eso les motiva mucho m\u00e1s a salir adelante\u201d expres\u00f3. \u00a0<\/span><\/p>\n<p><span style=\"font-weight: 400;\">Su experiencia como profesora de yoga, no solo se ha limitado a adultos sino tambi\u00e9n a ni\u00f1os \u201cPese a que soy profesora, nunca le hab\u00eda hecho clases a ni\u00f1os, pero lo paso genial, me hacen re\u00edr mucho, vienen con alegr\u00eda, llegan a sus casas a ense\u00f1arle a sus pap\u00e1s las posturas que aprendieron, se ponen mucho m\u00e1s creativos\u201d. Por el lado de los adultos, expres\u00f3 \u201cLas personas aqu\u00ed est\u00e1n muy agradecidas, cada vez que termino una clase, no solo recibo un pago por eso, sino que tambi\u00e9n un abrazo y eso es para m\u00ed es fundamental. All\u00e1 en La Serena la gente tiene mucho para elegir, pero aqu\u00ed en Andacollo no\u201d.<\/span><\/p>\n<p><span style=\"font-weight: 400;\">Camila, quien adem\u00e1s tiene el t\u00edtulo de profesora en Castellano y Filosof\u00eda, actualmente hace clases de la disciplina en la Universidad Santo Tom\u00e1s\u00a0en La Serena, ciudad en la que est\u00e1 radicada hace alg\u00fan tiempo. Sin embargo, ella siente la diferencia entre ambos lugares y califica su experiencia en Andacollo como \u201cmaravillosa\u201d, \u201cEra l\u00f3gico que ellos en algunas clases vinieran con pena pero luego la emoci\u00f3n cambiaba, se iban tranquilos, confiados. Mucho de esta enfermedad se trata con la mente\u201d.\u00a0<\/span><\/p>\n","protected":false},"excerpt":{"rendered":"<p>Camila Rojas fue diagnosticada con c\u00e1ncer a la tiroides a los 25 a\u00f1os. Actualmente tiene 30 y no solo logr\u00f3 superar la enfermedad, sino que se dedica a impartir clases de yoga a la comunidad, con el fin de compartir con personas en la misma situaci\u00f3n, la gran ayuda que la disciplina puede entregar al [&hellip;]<\/p>\n","protected":false},"author":6,"featured_media":0,"comment_status":"open","ping_status":"open","sticky":false,"template":"","format":"standard","meta":{"_acf_changed":false,"footnotes":""},"categories":[1],"tags":[1398,1403,1359,1402],"acf":[],"aioseo_notices":[],"_links":{"self":[{"href":"https:\/\/www.andacolloconectado.cl\/index.php\/wp-json\/wp\/v2\/posts\/5730"}],"collection":[{"href":"https:\/\/www.andacolloconectado.cl\/index.php\/wp-json\/wp\/v2\/posts"}],"about":[{"href":"https:\/\/www.andacolloconectado.cl\/index.php\/wp-json\/wp\/v2\/types\/post"}],"author":[{"embeddable":true,"href":"https:\/\/www.andacolloconectado.cl\/index.php\/wp-json\/wp\/v2\/users\/6"}],"replies":[{"embeddable":true,"href":"https:\/\/www.andacolloconectado.cl\/index.php\/wp-json\/wp\/v2\/comments?post=5730"}],"version-history":[{"count":1,"href":"https:\/\/www.andacolloconectado.cl\/index.php\/wp-json\/wp\/v2\/posts\/5730\/revisions"}],"predecessor-version":[{"id":5732,"href":"https:\/\/www.andacolloconectado.cl\/index.php\/wp-json\/wp\/v2\/posts\/5730\/revisions\/5732"}],"wp:attachment":[{"href":"https:\/\/www.andacolloconectado.cl\/index.php\/wp-json\/wp\/v2\/media?parent=5730"}],"wp:term":[{"taxonomy":"category","embeddable":true,"href":"https:\/\/www.andacolloconectado.cl\/index.php\/wp-json\/wp\/v2\/categories?post=5730"},{"taxonomy":"post_tag","embeddable":true,"href":"https:\/\/www.andacolloconectado.cl\/index.php\/wp-json\/wp\/v2\/tags?post=5730"}],"curies":[{"name":"wp","href":"https:\/\/api.w.org\/{rel}","templated":true}]}}