{"id":5811,"date":"2018-03-02T14:21:57","date_gmt":"2018-03-02T14:21:57","guid":{"rendered":"http:\/\/www.andacolloconectado.cl\/?p=5811"},"modified":"2018-03-02T14:21:57","modified_gmt":"2018-03-02T14:21:57","slug":"se-inicio-la-educacion-publica-en-las-comunas-de-coquimbo-y-andacollo","status":"publish","type":"post","link":"https:\/\/www.andacolloconectado.cl\/index.php\/se-inicio-la-educacion-publica-en-las-comunas-de-coquimbo-y-andacollo\/","title":{"rendered":"Se inici\u00f3 la Educaci\u00f3n P\u00fablica en las comunas de Coquimbo y Andacollo"},"content":{"rendered":"<p><b> El Servicio Local Puerto Cordillera ser\u00e1 el sostenedor de 50 escuelas y liceos de Coquimbo y Andacollo, con una matr\u00edcula de 13.194 estudiantes.<\/b><\/p>\n<p style=\"text-align: justify;\"><span style=\"font-weight: 400;\">\u00a0<\/span><\/p>\n<p style=\"text-align: justify;\"><span style=\"font-weight: 400;\">Este 01 de marzo de 2018 es un hito para la Educaci\u00f3n P\u00fablica nacional y regional, porque vuelve a manos del Estado, con la creaci\u00f3n de la Ley 21.040, que crea la nueva institucionalidad de los Servicios Locales de Educaci\u00f3n P\u00fablica, entre ellos, uno de los dos primeros del pa\u00eds en su puesta en marcha, es el Servicio Local Puerto Cordillera, que fortalecer\u00e1 y administrar\u00e1 la educaci\u00f3n que entregan las escuelas, liceos p\u00fablicos y los jardines infantiles v\u00eda transferencias de fondos de las comunas de Andacollo y Coquimbo.<\/span><\/p>\n<p style=\"text-align: justify;\"><span style=\"font-weight: 400;\">El director del Servicio Local de Educaci\u00f3n P\u00fablica Puerto Cordillera, Francisco Alfaro Segura sostuvo una extensa agenda de actividades, entre ellas, un encuentro con los directores y directoras de los escuelas y liceos de Coquimbo y Andacollo, dar la bienvenida a los funcionarios municipales provenientes de los Departamentos de Educaci\u00f3n Municipal y un encuentro con los alumnos del Centro Laboral Jean Piaget, en su inicio de a\u00f1o escolar.\u00a0<\/span><\/p>\n<p style=\"text-align: justify;\"><span style=\"font-weight: 400;\">El director del Servicio Local de Educaci\u00f3n, Francisco Alfaro, manifest\u00f3 que \u201chemos estado en reuniones con los directoras y directores de los establecimientos, compartiendo la ley 21.040. Esperamos generar una colaboraci\u00f3n para aportar en el desarrollo de las capacidades y fortalezas de los establecimientos educacionales, e incorporar de manera gradual las condiciones de calidad, de tal forma que puedan dar una mayor sustentaci\u00f3n a sus acciones de mejoramiento educativo.\u00a0 Es un d\u00eda muy especial, muy importante, este es un hito para el pa\u00eds muy significativo. Como servicio local esperamos que esta tarea, que es una tarea pa\u00eds, la podamos seguir desarrollando entre todos. Necesitamos seguir recuperando nuestra escuela p\u00fablica, como un espacio de excelencia, un espacio donde podamos vivenciar y compartir en sana convivencia y nos podamos tambi\u00e9n vincular y desarrollarnos teniendo en consideraci\u00f3n nuestro entorno y la ciudadan\u00eda\u201d.<\/span><\/p>\n<p style=\"text-align: justify;\"><span style=\"font-weight: 400;\">Para el Seremi de Educaci\u00f3n (S) H\u00e9ctor Orellana este hito hist\u00f3rico \u201ces parte de la Reforma Educacional implementada por nuestra Presidenta Michelle Bachelet, para fortalecer la educaci\u00f3n p\u00fablica, y junto con ello garantizar la educaci\u00f3n como un derecho social, donde el estado cumple un rol importante. Su objetivo es mejorar la calidad de la educaci\u00f3n y convertir los jardines, escuelas y liceos en un est\u00e1ndar del sistema educacional en su conjunto. Crear un sistema de educaci\u00f3n p\u00fablica que sea un pilar de la educaci\u00f3n nacional para todos los chilenos\u201d.\u00a0<\/span><\/p>\n<p style=\"text-align: justify;\"><span style=\"font-weight: 400;\">El Servicio Local Puerto Cordillera ser\u00e1 el sostenedor de 50 escuelas y liceos de Coquimbo y Andacollo con una matr\u00edcula de 13.194 estudiantes.\u00a0<\/span><\/p>\n<p style=\"text-align: justify;\"><span style=\"font-weight: 400;\">\u00a0<\/span><\/p>\n<p style=\"text-align: justify;\">\n<p style=\"text-align: justify;\"><b>Directores Opinan de la Nueva Educaci\u00f3n P\u00fablica<\/b><\/p>\n<p style=\"text-align: justify;\"><span style=\"font-weight: 400;\">Rosa P\u00e9rez, directora del Centro Laboral Jean Piaget de Coquimbo: \u201cEstamos muy entusiasmados con el cambio, muy confiados en que va a ser lo mejor para la educaci\u00f3n de este pa\u00eds, tambi\u00e9n estamos seguros que este proceso va a ser exitoso y que va a ir en directo beneficio de nuestros ni\u00f1os, ni\u00f1as y j\u00f3venes de este pa\u00eds\u201d.<\/span><\/p>\n<p style=\"text-align: justify;\"><span style=\"font-weight: 400;\">Carlos Videla, director del colegio Claudio Arrau: \u201cEstamos en una posici\u00f3n muy optimista, esperando que por fin los colegios puedan tener el apoyo y que los directores tengan la autonom\u00eda para cumplir con la meta \u00fanica, que nuestros alumnos aprendan y en ese sentido bien optimista en esta nueva administraci\u00f3n de los establecimientos p\u00fablicos de la comuna de Coquimbo y Andacollo\u201d.<\/span><\/p>\n<p style=\"text-align: justify;\"><span style=\"font-weight: 400;\">Jaime Miranda, director del Liceo San Jos\u00e9 de Escriv\u00e1 de Balaguer: \u201cEs un anhelo de muchos directores, as\u00ed que estamos muy esperanzados que este sea el inicio de una nueva educaci\u00f3n p\u00fablica para todos los ciudadanos del pa\u00eds. Estamos muy contentos con el trabajo y esta reuni\u00f3n con el director del Servicio Local de Educaci\u00f3n Puerto Cordillera nos genera mucha esperanza de que vamos en el camino correcto\u201d.\u00a0\u00a0<\/span><\/p>\n<p style=\"text-align: justify;\"><span style=\"font-weight: 400;\">Mar\u00eda Ang\u00e9lica Rivera, Directora de la Escuela Rep\u00fablica de Grecia: \u201cFeliz de que empecemos este nuevo proceso y mucho m\u00e1s orgullosa de que seamos pioneros en esta comuna. Anhel\u00e1bamos desde hace un mont\u00f3n de tiempo volver al Ministerio de Educaci\u00f3n. Tengo una buena impresi\u00f3n del Servicio Local Puerto-Cordillera, muy empoderado el director Francisco Alfaro y las personas que nos han presentado. Estoy segura de que vamos a hacer un muy buen camino juntos, tanto en aprendizaje para nosotros en lo nuevo que viene, con la educaci\u00f3n de calidad como para el Servicio Local de Educaci\u00f3n tambi\u00e9n\u201d.\u00a0<\/span><\/p>\n<p style=\"text-align: justify;\">\n","protected":false},"excerpt":{"rendered":"<p>El Servicio Local Puerto Cordillera ser\u00e1 el sostenedor de 50 escuelas y liceos de Coquimbo y Andacollo, con una matr\u00edcula de 13.194 estudiantes. \u00a0 Este 01 de marzo de 2018 es un hito para la Educaci\u00f3n P\u00fablica nacional y regional, porque vuelve a manos del Estado, con la creaci\u00f3n de la Ley 21.040, que crea [&hellip;]<\/p>\n","protected":false},"author":6,"featured_media":0,"comment_status":"open","ping_status":"open","sticky":false,"template":"","format":"standard","meta":{"_acf_changed":false,"footnotes":""},"categories":[1],"tags":[1431,1430,1429,1296],"acf":[],"aioseo_notices":[],"_links":{"self":[{"href":"https:\/\/www.andacolloconectado.cl\/index.php\/wp-json\/wp\/v2\/posts\/5811"}],"collection":[{"href":"https:\/\/www.andacolloconectado.cl\/index.php\/wp-json\/wp\/v2\/posts"}],"about":[{"href":"https:\/\/www.andacolloconectado.cl\/index.php\/wp-json\/wp\/v2\/types\/post"}],"author":[{"embeddable":true,"href":"https:\/\/www.andacolloconectado.cl\/index.php\/wp-json\/wp\/v2\/users\/6"}],"replies":[{"embeddable":true,"href":"https:\/\/www.andacolloconectado.cl\/index.php\/wp-json\/wp\/v2\/comments?post=5811"}],"version-history":[{"count":1,"href":"https:\/\/www.andacolloconectado.cl\/index.php\/wp-json\/wp\/v2\/posts\/5811\/revisions"}],"predecessor-version":[{"id":5815,"href":"https:\/\/www.andacolloconectado.cl\/index.php\/wp-json\/wp\/v2\/posts\/5811\/revisions\/5815"}],"wp:attachment":[{"href":"https:\/\/www.andacolloconectado.cl\/index.php\/wp-json\/wp\/v2\/media?parent=5811"}],"wp:term":[{"taxonomy":"category","embeddable":true,"href":"https:\/\/www.andacolloconectado.cl\/index.php\/wp-json\/wp\/v2\/categories?post=5811"},{"taxonomy":"post_tag","embeddable":true,"href":"https:\/\/www.andacolloconectado.cl\/index.php\/wp-json\/wp\/v2\/tags?post=5811"}],"curies":[{"name":"wp","href":"https:\/\/api.w.org\/{rel}","templated":true}]}}