{"id":5951,"date":"2018-03-28T13:35:11","date_gmt":"2018-03-28T13:35:11","guid":{"rendered":"http:\/\/www.andacolloconectado.cl\/?p=5951"},"modified":"2018-03-28T13:35:11","modified_gmt":"2018-03-28T13:35:11","slug":"examen-de-densitometria-osea-preventiva-se-tomara-en-andacollo-durante-abril","status":"publish","type":"post","link":"https:\/\/www.andacolloconectado.cl\/index.php\/examen-de-densitometria-osea-preventiva-se-tomara-en-andacollo-durante-abril\/","title":{"rendered":"Examen de Densitometr\u00eda \u00d3sea Preventiva se tomar\u00e1 en Andacollo durante Abril"},"content":{"rendered":"<p style=\"text-align: justify;\"><strong>Este estudio tiene objetivo la medici\u00f3n de la p\u00e9rdida de calcio en los huesos, a trav\u00e9s del an\u00e1lisis de im\u00e1genes de cadera y columna, por medio de radiograf\u00edas. Su objetivo es prevenir enfermedades \u00f3seas como la osteoporosis. <\/strong><\/p>\n<p style=\"text-align: justify;\"><span style=\"font-weight: 400;\">Entre el lunes 9 y el s\u00e1bado 14 de abril se tomar\u00e1, entre las 8:30 y 19:30 hrs, el examen de densitometr\u00eda \u00f3sea preventiva en la Casa del Encuentro Ciudadano de Andacollo. Este operativo de salud estar\u00e1 dirigido a hombres y mujeres, a partir de los 6 a\u00f1os de edad y es organizado por la ONG Acci\u00f3n Vive y la municipalidad de Andacollo. <\/span><\/p>\n<p style=\"text-align: justify;\"><span style=\"font-weight: 400;\">Quienes deseen participar de la actividad, podr\u00e1n reservar su hora de atenci\u00f3n en el <\/span><span style=\"font-weight: 400;\">Departamento Social, Oficina de Organizaciones Comunitarias y Oficina de la Mujer del Municipio, entre \u00a08:30 a 13:30 y de 14:30 a 17:30 hrs, tras realizar un aporte de $3.000 a la ONG organizadora. Adem\u00e1s se estar\u00e1 inscribiendo en los colegios, sectores rurales y hospital Jos\u00e9 Luis Arra\u00f1o<\/span><\/p>\n<p style=\"text-align: justify;\"><span style=\"font-weight: 400;\">Para m\u00e1s informaci\u00f3n, contactarse a los n\u00fameros 51-2337937 y 51-2337974. <\/span><\/p>\n","protected":false},"excerpt":{"rendered":"<p>Este estudio tiene objetivo la medici\u00f3n de la p\u00e9rdida de calcio en los huesos, a trav\u00e9s del an\u00e1lisis de im\u00e1genes de cadera y columna, por medio de radiograf\u00edas. Su objetivo es prevenir enfermedades \u00f3seas como la osteoporosis. Entre el lunes 9 y el s\u00e1bado 14 de abril se tomar\u00e1, entre las 8:30 y 19:30 hrs, [&hellip;]<\/p>\n","protected":false},"author":6,"featured_media":0,"comment_status":"open","ping_status":"open","sticky":false,"template":"","format":"standard","meta":{"_acf_changed":false,"footnotes":""},"categories":[1],"tags":[1505,1504,1506,1503],"acf":[],"aioseo_notices":[],"_links":{"self":[{"href":"https:\/\/www.andacolloconectado.cl\/index.php\/wp-json\/wp\/v2\/posts\/5951"}],"collection":[{"href":"https:\/\/www.andacolloconectado.cl\/index.php\/wp-json\/wp\/v2\/posts"}],"about":[{"href":"https:\/\/www.andacolloconectado.cl\/index.php\/wp-json\/wp\/v2\/types\/post"}],"author":[{"embeddable":true,"href":"https:\/\/www.andacolloconectado.cl\/index.php\/wp-json\/wp\/v2\/users\/6"}],"replies":[{"embeddable":true,"href":"https:\/\/www.andacolloconectado.cl\/index.php\/wp-json\/wp\/v2\/comments?post=5951"}],"version-history":[{"count":2,"href":"https:\/\/www.andacolloconectado.cl\/index.php\/wp-json\/wp\/v2\/posts\/5951\/revisions"}],"predecessor-version":[{"id":5956,"href":"https:\/\/www.andacolloconectado.cl\/index.php\/wp-json\/wp\/v2\/posts\/5951\/revisions\/5956"}],"wp:attachment":[{"href":"https:\/\/www.andacolloconectado.cl\/index.php\/wp-json\/wp\/v2\/media?parent=5951"}],"wp:term":[{"taxonomy":"category","embeddable":true,"href":"https:\/\/www.andacolloconectado.cl\/index.php\/wp-json\/wp\/v2\/categories?post=5951"},{"taxonomy":"post_tag","embeddable":true,"href":"https:\/\/www.andacolloconectado.cl\/index.php\/wp-json\/wp\/v2\/tags?post=5951"}],"curies":[{"name":"wp","href":"https:\/\/api.w.org\/{rel}","templated":true}]}}