{"id":6015,"date":"2018-04-09T13:11:39","date_gmt":"2018-04-09T13:11:39","guid":{"rendered":"http:\/\/www.andacolloconectado.cl\/?p=6015"},"modified":"2018-04-09T15:22:06","modified_gmt":"2018-04-09T15:22:06","slug":"andacollo-celebro-su-quinto-cuasimodo-con-una-alta-participacion-de-la-comunidad","status":"publish","type":"post","link":"https:\/\/www.andacolloconectado.cl\/index.php\/andacollo-celebro-su-quinto-cuasimodo-con-una-alta-participacion-de-la-comunidad\/","title":{"rendered":"Andacollo celebr\u00f3 su quinto Cuasimodo con una alta participaci\u00f3n de la comunidad"},"content":{"rendered":"<p style=\"text-align: justify;\"><span style=\"font-weight: 400;\"><strong>Esta fiesta religiosa tiene lugar siete d\u00edas despu\u00e9s del Domingo de Resurrecci\u00f3n y nace en la Zona Central de Chile para ayudar a comulgar a los ancianos y enfermos que no pudieron hacerlo durante la Pascua.<\/strong> <\/span><\/p>\n<p style=\"text-align: justify;\"><span style=\"font-weight: 400;\">Andacollo vivi\u00f3 la celebraci\u00f3n de la quinta fiesta de Cuasimodo de su historia. En la ocasi\u00f3n, el p\u00e1rroco Padre Adam Bartyzol asisti\u00f3 a las casas de los enfermos y ancianos de la localidad, para darles el sacramento de la Comuni\u00f3n, acompa\u00f1ado por una escolta formada por 16 huasos a caballo y la rama folcl\u00f3rica del Club de Huasos de Andacollo. La tradicional ceremonia fue presenciada por cientos de asistentes. La Fiesta Religiosa inici\u00f3 con una misa a la chilena en la Iglesia Chica, para proseguir la siguiente ruta: Barrio Norte-Calle Urmeneta-El Salitre-Algarrobo-Caupolic\u00e1n-Condell-Calle Urmeneta.<\/span><\/p>\n<p style=\"text-align: justify;\"><span style=\"font-weight: 400;\">Padre Adam Bartyzol, p\u00e1rroco de Andacollo, manifest\u00f3 su alegr\u00eda por la importante afluencia de p\u00fablico que lo acompa\u00f1\u00f3 en su peregrinar: \u201cEs la primera vez que participo en Cuasimodo, aunque llevo varios a\u00f1os en Chile. No hab\u00eda tenido esta oportunidad. Fue una experiencia lind\u00edsima, gracias al acompa\u00f1amiento de los huasos y la gente. Visitamos a los enfermos que llevaban tiempo esper\u00e1ndonos, quienes se prepararon muy bien para la ocasi\u00f3n. Fue una gran experiencia, un testimonio, tanto para quienes nos acompa\u00f1aron en esta visita espiritual como para quienes participamos de ella. Esperaron con mucha a\u00f1oranza a Jes\u00fas, en un alimento espiritual que es para todos nosotros. Es Dios mismo quien puede refortalecer nuestra Fe y esperanza. Son creyentes que no pueden, por alguna circunstancia de la vida, asistir a nuestro Templo a participar, especialmente en Semana Santa. Sin embargo, por medio del Cuasimodo tenemos la oportunidad de llevarles la Comuni\u00f3n a sus casas\u201d.<\/span><\/p>\n<p style=\"text-align: justify;\"><span style=\"font-weight: 400;\">Tambi\u00e9n, agradeci\u00f3 la participaci\u00f3n del Club de Huasos y la empresa privada en la realizaci\u00f3n de esta importante tradici\u00f3n chilena: \u201cSolamente me queda agradecer de coraz\u00f3n al Club de Huasos y Minera Teck, quienes ayudan a esta importante organizaci\u00f3n en la realizaci\u00f3n de este importante evento religioso. Hay que reconocer este apoyo, ya que les permite acompa\u00f1arnos como corresponde. Cuasimodo no es muy conocido en el Norte, m\u00e1s lo es en el Centro y Sur del pa\u00eds. A pesar de ello, el p\u00fablico y participantes se incorporaron bastante bien, implementando, cada vez, m\u00e1s cosas. El Club de Huasos tiene un gran entusiasmo. Ellos me motivaron a m\u00ed a participar. Yo solamente sal\u00ed del Templo y repart\u00ed la Comuni\u00f3n. Ellos fueron quienes organizaron todo\u201d.<\/span><\/p>\n<p style=\"text-align: justify;\"><span style=\"font-weight: 400;\">Finalmente, Ra\u00fal Antiquera, Presidente del Club de Huasos de Andacollo, se uni\u00f3 a estas palabras de agradecimiento, aclarando que los fondos entregados por Minera Teck les han permitido ir mejorando, a\u00f1o a a\u00f1o, la puesta en escena de la fiesta de Cuasimodo en la comuna: \u201cPartimos muy temprano con esta celebraci\u00f3n, muy contentos de estar aqu\u00ed nuevamente, con las ansias de que la gente nos reciba con el mayor agrado posible. Es nuestro quinto a\u00f1o. Este 2018 hemos hecho peque\u00f1os cambios, como quien maneja la comitiva, la realizaci\u00f3n de las charlas explicativas previas a la Fiesta y las banderas. Estamos haciendo esto de coraz\u00f3n. Damos nuestros agradecimientos al \u00c1rea de Comunidades de Teck, puesto que su financiamiento nos permiti\u00f3 dar vida a un nuevo Cuasimodo e ir potenci\u00e1ndolo a\u00f1o a a\u00f1o\u201d.<\/span><\/p>\n","protected":false},"excerpt":{"rendered":"<p>Esta fiesta religiosa tiene lugar siete d\u00edas despu\u00e9s del Domingo de Resurrecci\u00f3n y nace en la Zona Central de Chile para ayudar a comulgar a los ancianos y enfermos que no pudieron hacerlo durante la Pascua. Andacollo vivi\u00f3 la celebraci\u00f3n de la quinta fiesta de Cuasimodo de su historia. En la ocasi\u00f3n, el p\u00e1rroco Padre [&hellip;]<\/p>\n","protected":false},"author":6,"featured_media":0,"comment_status":"open","ping_status":"open","sticky":false,"template":"","format":"standard","meta":{"_acf_changed":false,"footnotes":""},"categories":[1],"tags":[1330,1531,1423,212],"acf":[],"aioseo_notices":[],"_links":{"self":[{"href":"https:\/\/www.andacolloconectado.cl\/index.php\/wp-json\/wp\/v2\/posts\/6015"}],"collection":[{"href":"https:\/\/www.andacolloconectado.cl\/index.php\/wp-json\/wp\/v2\/posts"}],"about":[{"href":"https:\/\/www.andacolloconectado.cl\/index.php\/wp-json\/wp\/v2\/types\/post"}],"author":[{"embeddable":true,"href":"https:\/\/www.andacolloconectado.cl\/index.php\/wp-json\/wp\/v2\/users\/6"}],"replies":[{"embeddable":true,"href":"https:\/\/www.andacolloconectado.cl\/index.php\/wp-json\/wp\/v2\/comments?post=6015"}],"version-history":[{"count":3,"href":"https:\/\/www.andacolloconectado.cl\/index.php\/wp-json\/wp\/v2\/posts\/6015\/revisions"}],"predecessor-version":[{"id":6027,"href":"https:\/\/www.andacolloconectado.cl\/index.php\/wp-json\/wp\/v2\/posts\/6015\/revisions\/6027"}],"wp:attachment":[{"href":"https:\/\/www.andacolloconectado.cl\/index.php\/wp-json\/wp\/v2\/media?parent=6015"}],"wp:term":[{"taxonomy":"category","embeddable":true,"href":"https:\/\/www.andacolloconectado.cl\/index.php\/wp-json\/wp\/v2\/categories?post=6015"},{"taxonomy":"post_tag","embeddable":true,"href":"https:\/\/www.andacolloconectado.cl\/index.php\/wp-json\/wp\/v2\/tags?post=6015"}],"curies":[{"name":"wp","href":"https:\/\/api.w.org\/{rel}","templated":true}]}}