{"id":6048,"date":"2018-04-12T13:28:12","date_gmt":"2018-04-12T13:28:12","guid":{"rendered":"http:\/\/www.andacolloconectado.cl\/?p=6048"},"modified":"2018-04-12T13:28:12","modified_gmt":"2018-04-12T13:28:12","slug":"pieza-teatral-de-simon-a-pedro-vivio-exitosas-tres-funciones-en-colegio-parroquial-de-andacollo","status":"publish","type":"post","link":"https:\/\/www.andacolloconectado.cl\/index.php\/pieza-teatral-de-simon-a-pedro-vivio-exitosas-tres-funciones-en-colegio-parroquial-de-andacollo\/","title":{"rendered":"Pieza teatral \u201cDe Sim\u00f3n a Pedro\u201d vivi\u00f3 exitosas tres funciones en colegio Parroquial de Andacollo"},"content":{"rendered":"<p><strong>La trama trata sobre la historia de Sim\u00f3n, un pescador que abraz\u00f3 las ideas de Jes\u00fas, renaciendo en un ser totalmente nuevo llamado Pedro, que termin\u00f3 siendo el primer Papa de la Historia. <\/strong><\/p>\n<p>&nbsp;<\/p>\n<p><span style=\"font-weight: 400;\">La obra musical teatral \u201cDe Sim\u00f3n a Pedro\u201d debut\u00f3 exitosamente en el Gimnasio Techado del Colegio Parroquial. La pieza fue montada por los actores cantantes de la Fundaci\u00f3n Arca. Fueron tres presentaciones que realizaron estos artistas de la dramaturgia para estudiantes y apoderados del establecimiento<\/span><\/p>\n<p><span style=\"font-weight: 400;\">La actriz Mar\u00eda Soledad Lazo, quien encarn\u00f3 a Mar\u00eda Magdalena, explic\u00f3 la trama de la obra, destacando la buena acogida que tuvieron por parte del p\u00fablico infantil: \u201cLa representaci\u00f3n esc\u00e9nica trata del cambio que sufri\u00f3 la vida de Sim\u00f3n cuando conoci\u00f3 a Jes\u00fas, quien cambi\u00f3 su nombre a Pedro. Jes\u00fas fue un agente tan importante en su vida que la cambi\u00f3 completamente, tanto as\u00ed que renaci\u00f3 con un nombre nuevo. Los ni\u00f1os quedaron fascinados. Estuvieron s\u00faper atentos, participaron, bailaron. La recepci\u00f3n fue incre\u00edble. Estamos haciendo una gira por todo Chile: hemos pasado por Punta Arenas, Puerto Natales, Chill\u00e1n, Concepci\u00f3n y ahora vamos a Iquique, Antofagasta y Arica. <\/span><\/p>\n<p><span style=\"font-weight: 400;\">Por su parte, el actor V\u00edctor Manuel Tolosa, quien personific\u00f3 a Jes\u00fas, indic\u00f3 c\u00f3mo se agend\u00f3 a Andacollo en su gira nacional, agregando que el p\u00fablico se mostr\u00f3 dispuesto a asimilar el mensaje de la obra: \u201cHacemos recorrido por los colegios de las regiones y nos dijeron que Andacollo era una encantadora comuna donde hab\u00edan colegios cat\u00f3licos. As\u00ed que hablamos con la directora y comprometimos tres presentaciones: una para ni\u00f1os peque\u00f1os, otra para ense\u00f1anza media y la \u00faltima para los apoderados del Colegio Parroquial. Los ni\u00f1os fueron s\u00faper respetuosos, participaron de forma activa. Eso nos hizo sentir a gusto. Vimos que, realmente, hab\u00eda un deseo de recibir el mensaje de c\u00f3mo un hombre puede transformarse, desde adentro, gracias a Dios. Sim\u00f3n ten\u00eda los defectos que todos tenemos, pero cuando acept\u00f3 seguir a Jesucristo se convierti\u00f3 en una persona buena y sus defectos fueron corregidos por Dios\u201d. <\/span><\/p>\n<p><span style=\"font-weight: 400;\">Finalmente, Yenny Carmona, directora del Colegio Parroquial, manifest\u00f3 que contar con la presentaci\u00f3n de esta pieza teatral ten\u00eda un objetivo pedag\u00f3gico, al tratarse de un establecimiento cat\u00f3lico: \u201cLa Fundaci\u00f3n Arca trabaja esta obra espec\u00edficamente para enfatizar la ense\u00f1anza de los establecimientos educaciones de orden cat\u00f3lico, raz\u00f3n que nos llev\u00f3 a contar con ella para reforzar nuestro plan de formaci\u00f3n, que se basa en los valores del Evangelio. Nos relata la historia de Pedro, de c\u00f3mo se convirti\u00f3 en uno de los hombres m\u00e1s influyentes de la Historia de la Humanidad solamente por seguir a Jes\u00fas, de c\u00f3mo un hombre sencillo lleg\u00f3 a ser el primer Papa de la Iglesia. Por algo Jes\u00fas lo renombr\u00f3 \u00b4Pedro\u00b4, puesto que \u00a0significa \u00b4Piedra\u00b4. \u00b4De Sim\u00f3n a Pedro\u00b4 ha sido aclamada en los teatros m\u00e1s importantes del pa\u00eds y se gan\u00f3 el premio \u00b4Nueva Evangelizaci\u00f3n\u00b4 y cuenta con staff de cantantes, bailarines y actores de primera categor\u00eda\u201d.<\/span><\/p>\n","protected":false},"excerpt":{"rendered":"<p>La trama trata sobre la historia de Sim\u00f3n, un pescador que abraz\u00f3 las ideas de Jes\u00fas, renaciendo en un ser totalmente nuevo llamado Pedro, que termin\u00f3 siendo el primer Papa de la Historia. &nbsp; La obra musical teatral \u201cDe Sim\u00f3n a Pedro\u201d debut\u00f3 exitosamente en el Gimnasio Techado del Colegio Parroquial. La pieza fue montada [&hellip;]<\/p>\n","protected":false},"author":6,"featured_media":0,"comment_status":"open","ping_status":"open","sticky":false,"template":"","format":"standard","meta":{"_acf_changed":false,"footnotes":""},"categories":[1],"tags":[1542,1543,1541],"acf":[],"aioseo_notices":[],"_links":{"self":[{"href":"https:\/\/www.andacolloconectado.cl\/index.php\/wp-json\/wp\/v2\/posts\/6048"}],"collection":[{"href":"https:\/\/www.andacolloconectado.cl\/index.php\/wp-json\/wp\/v2\/posts"}],"about":[{"href":"https:\/\/www.andacolloconectado.cl\/index.php\/wp-json\/wp\/v2\/types\/post"}],"author":[{"embeddable":true,"href":"https:\/\/www.andacolloconectado.cl\/index.php\/wp-json\/wp\/v2\/users\/6"}],"replies":[{"embeddable":true,"href":"https:\/\/www.andacolloconectado.cl\/index.php\/wp-json\/wp\/v2\/comments?post=6048"}],"version-history":[{"count":2,"href":"https:\/\/www.andacolloconectado.cl\/index.php\/wp-json\/wp\/v2\/posts\/6048\/revisions"}],"predecessor-version":[{"id":6053,"href":"https:\/\/www.andacolloconectado.cl\/index.php\/wp-json\/wp\/v2\/posts\/6048\/revisions\/6053"}],"wp:attachment":[{"href":"https:\/\/www.andacolloconectado.cl\/index.php\/wp-json\/wp\/v2\/media?parent=6048"}],"wp:term":[{"taxonomy":"category","embeddable":true,"href":"https:\/\/www.andacolloconectado.cl\/index.php\/wp-json\/wp\/v2\/categories?post=6048"},{"taxonomy":"post_tag","embeddable":true,"href":"https:\/\/www.andacolloconectado.cl\/index.php\/wp-json\/wp\/v2\/tags?post=6048"}],"curies":[{"name":"wp","href":"https:\/\/api.w.org\/{rel}","templated":true}]}}